{"id":93602,"date":"2022-04-11T14:20:34","date_gmt":"2022-04-11T14:20:34","guid":{"rendered":"http:\/\/192.168.64.2\/fr\/index.php\/2022\/04\/11\/trarza-loperation-iftar-essayim-cible-320-imams-de-mosquees-et-cheikhs-de-madras\/"},"modified":"2022-07-05T12:03:01","modified_gmt":"2022-07-05T12:03:01","slug":"trarza-loperation-iftar-essayim-cible-320-imams-de-mosquees-et-cheikhs-de-madras","status":"publish","type":"post","link":"https:\/\/ami.mr\/fr\/archives\/93602","title":{"rendered":"Trarza: L\u2019op\u00e9ration Iftar Essayim cible 320 imams de mosqu\u00e9es et cheikhs de Madras"},"content":{"rendered":"<p>Au total 320 imams de mosqu\u00e9es et cheikhs de Madras ont b\u00e9n\u00e9fici\u00e9, lundi, des distributions du vivre dans le cadre d\u2019une op\u00e9ration d\u00e9nomm\u00e9e \u00ab Iftar Essayim \u00bb, rupture du je\u00fbne en arabe que les pouvoirs publics organisent depuis quelques ann\u00e9es, \u00e0 l\u2019occasion du mois b\u00e9ni de Ramdan.<\/p>\n<p>L\u2019\u00e9v\u00e8nement a donn\u00e9 lieu \u00e0 une c\u00e9r\u00e9monie dans les locaux de la direction r\u00e9gionale des Affaires islamiques et de l\u2019Enseignement originel, sous la supervision du wali du Trarza, M.Imrabihrabou Ould Bounena Ould Abidine.<\/p>\n<p>Dans son mot, \u00e0 cette occasion, M. Abidine a mis en exergue l\u2019int\u00e9r\u00eat qu\u2019attache le Pr\u00e9sident de la R\u00e9publique au d\u00e9partement des Affaires islamiques, int\u00e9r\u00eat mat\u00e9rialis\u00e9 par l\u2019\u00e9l\u00e9vation du d\u00e9partement au rang des minist\u00e8res de souverainet\u00e9 dans le gouvernement, et l\u2019offre d\u2019autres diff\u00e9rents soutiens.<\/p>\n<p>Il a ajout\u00e9 que l\u2019Etat, en application des directives du Pr\u00e9sident de la R\u00e9publique, a tenu \u00e0 apporter le soutien aux couches vuln\u00e9rables de la soci\u00e9t\u00e9, \u00e0 travers l\u2019ouverture des boutiques Emel qui vendent les produits alimentaires \u00e0 des prix subventionn\u00e9s.<\/p>\n<p>Lui succ\u00e9dant, le directeur r\u00e9gional des Affaires islamiques et de l\u2019Enseignement originel au Trarza, M.Issa Ould Bouhimady, a pr\u00e9cis\u00e9 que l\u2019op\u00e9ration d\u2019aujourd\u2019hui illustre l\u2019int\u00e9r\u00eat qu\u2019attache le Pr\u00e9sident de la R\u00e9publique aux mosqu\u00e9es et Mahadra.<\/p>\n<p>Au sujet des produits distribu\u00e9s, le directeur a pr\u00e9cis\u00e9 qu\u2019ils comportent des quantit\u00e9s du riz, du sucre, des dattes, d\u2019huile de table, des p\u00e2tes alimentaires et du lait (gloria), et annonc\u00e9 la distribution imminente des quantit\u00e9s de poissons, offertes par la soci\u00e9t\u00e9 mauritanienne de distribution des poissons (SMDP) .<\/p>\n<p>M. Bouhimady a, enfin, pr\u00e9cis\u00e9 que l\u2019op\u00e9ration s\u2019inscrit dans la politique du minist\u00e8re visant accorder une attention particuli\u00e8re, en ce mois b\u00e9ni, aux h\u00f4tes, voyageurs, fid\u00e8les qui s\u00e9journent habituellement dans les mosqu\u00e9es, en application du programme soci\u00e9tal ambitieux de Son Excellence Monsieur, Mohamed Ould Cheikh El Ghazwouani.<\/p>\n<p>LA c\u00e9r\u00e9monie s\u2019est d\u00e9roul\u00e9e en pr\u00e9sence du hakem de Rosso.<\/p>\n","protected":false},"excerpt":{"rendered":"<p>Au total 320 imams de mosqu\u00e9es et cheikhs de Madras ont b\u00e9n\u00e9fici\u00e9, lundi, des distributions du vivre dans le cadre d\u2019une op\u00e9ration d\u00e9nomm\u00e9e \u00ab Iftar Essayim \u00bb, rupture du je\u00fbne en arabe que les pouvoirs publics organisent depuis quelques ann\u00e9es, \u00e0 l\u2019occasion du mois b\u00e9ni de Ramdan<\/p>\n","protected":false},"author":1,"featured_media":196423,"comment_status":"closed","ping_status":"closed","sticky":false,"template":"","format":"standard","meta":{"footnotes":""},"categories":[8672],"tags":[63745,62477],"class_list":["post-93602","post","type-post","status-publish","format-standard","has-post-thumbnail","hentry","category-8672","tag-jemal","tag-rosso"],"_links":{"self":[{"href":"https:\/\/ami.mr\/fr\/wp-json\/wp\/v2\/posts\/93602","targetHints":{"allow":["GET"]}}],"collection":[{"href":"https:\/\/ami.mr\/fr\/wp-json\/wp\/v2\/posts"}],"about":[{"href":"https:\/\/ami.mr\/fr\/wp-json\/wp\/v2\/types\/post"}],"author":[{"embeddable":true,"href":"https:\/\/ami.mr\/fr\/wp-json\/wp\/v2\/users\/1"}],"replies":[{"embeddable":true,"href":"https:\/\/ami.mr\/fr\/wp-json\/wp\/v2\/comments?post=93602"}],"version-history":[{"count":1,"href":"https:\/\/ami.mr\/fr\/wp-json\/wp\/v2\/posts\/93602\/revisions"}],"predecessor-version":[{"id":196422,"href":"https:\/\/ami.mr\/fr\/wp-json\/wp\/v2\/posts\/93602\/revisions\/196422"}],"wp:featuredmedia":[{"embeddable":true,"href":"https:\/\/ami.mr\/fr\/wp-json\/wp\/v2\/media\/196423"}],"wp:attachment":[{"href":"https:\/\/ami.mr\/fr\/wp-json\/wp\/v2\/media?parent=93602"}],"wp:term":[{"taxonomy":"category","embeddable":true,"href":"https:\/\/ami.mr\/fr\/wp-json\/wp\/v2\/categories?post=93602"},{"taxonomy":"post_tag","embeddable":true,"href":"https:\/\/ami.mr\/fr\/wp-json\/wp\/v2\/tags?post=93602"}],"curies":[{"name":"wp","href":"https:\/\/api.w.org\/{rel}","templated":true}]}}