{"id":92954,"date":"2022-03-07T21:12:39","date_gmt":"2022-03-07T21:12:39","guid":{"rendered":"http:\/\/192.168.64.2\/fr\/index.php\/2022\/03\/07\/ministere-de-linterieur-tout-est-mis-en-oeuvre-pour-connaitre-la-verite-sur-la-situation-de-nos-concitoyens-disparus-au-mali\/"},"modified":"2022-07-05T11:15:51","modified_gmt":"2022-07-05T11:15:51","slug":"ministere-de-linterieur-tout-est-mis-en-oeuvre-pour-connaitre-la-verite-sur-la-situation-de-nos-concitoyens-disparus-au-mali","status":"publish","type":"post","link":"https:\/\/ami.mr\/fr\/archives\/92954","title":{"rendered":"Minist\u00e8re de l&#8217;Int\u00e9rieur : \u00ab Tout est mis en \u0153uvre pour conna\u00eetre la v\u00e9rit\u00e9 sur la situation de nos concitoyens disparus au Mali \u00bb"},"content":{"rendered":"<p>Le minist\u00e8re de l&#8217;Int\u00e9rieur et de la D\u00e9centralisation a annonc\u00e9 ce soir, lundi, dans un communiqu\u00e9 dont l&#8217;Agence Mauritanienne d\u2019Information a re\u00e7u copie, que les hautes autorit\u00e9s du pays suivent avec beaucoup d&#8217;int\u00e9r\u00eat les informations qui confirment la perte de contact avec un certain nombre de nos concitoyens au Mali.<\/p>\n<p>Voici le texte du communiqu\u00e9 :<\/p>\n<p>\u00ab Les hautes autorit\u00e9s du pays suivent avec beaucoup d&#8217;int\u00e9r\u00eat les informations confirmant la perte de contact avec un certain nombre de nos compatriotes en territoire malien, et elles ont tr\u00e8s rapidement pris toutes les mesures n\u00e9cessaires, pour conna\u00eetre le sort des citoyens disparus et proc\u00e9der \u00e0 des investigations minutieuses \u00e0 ce sujet.<\/p>\n<p>Les pouvoirs publics confirment \u00e0 leurs familles et \u00e0 l&#8217;opinion publique nationale qu&#8217;elles d\u00e9ploient tous ses efforts, \u00e9tablissent des contacts et prennent les mesures n\u00e9cessaires et fermes pour conna\u00eetre la v\u00e9rit\u00e9 sur la situation de ces citoyens. Elles assurent que toute information \u00e0 ce sujet sera communiqu\u00e9e imm\u00e9diatement aux familles des disparus et \u00e0 l&#8217;opinion publique aussit\u00f4t que sa cr\u00e9dibilit\u00e9 est \u00e9tablie.<\/p>\n<p>Dans l&#8217;int\u00e9r\u00eat de la s\u00fbret\u00e9 et de la s\u00e9curit\u00e9 des citoyens, les pouvoirs publics renouvellent \u00e0 tous leur appel \u00e0 la prudence et \u00e0 ne pas se rendre dans ces zones situ\u00e9es en dehors de nos fronti\u00e8res et dans un pays qui traverse actuellement une situation particuli\u00e8re \u00bb<\/p>\n","protected":false},"excerpt":{"rendered":"<p>Le minist\u00e8re de l&#8217;Int\u00e9rieur et de la D\u00e9centralisation a annonc\u00e9 ce soir, lundi, dans un communiqu\u00e9 dont l&#8217;Agence Mauritanienne d\u2019Information a re\u00e7u copie, que les hautes autorit\u00e9s du pays suivent avec beaucoup d&#8217;int\u00e9r\u00eat les informations qui confirment la perte de contact avec un certain nombre de nos concitoyens au Mali<\/p>\n","protected":false},"author":1,"featured_media":0,"comment_status":"closed","ping_status":"closed","sticky":false,"template":"","format":"standard","meta":{"footnotes":""},"categories":[],"tags":[63990,63707,62476],"class_list":["post-92954","post","type-post","status-publish","format-standard","hentry","tag-activites-gouvernementales","tag-m_minahne","tag-nouakchott"],"_links":{"self":[{"href":"https:\/\/ami.mr\/fr\/wp-json\/wp\/v2\/posts\/92954","targetHints":{"allow":["GET"]}}],"collection":[{"href":"https:\/\/ami.mr\/fr\/wp-json\/wp\/v2\/posts"}],"about":[{"href":"https:\/\/ami.mr\/fr\/wp-json\/wp\/v2\/types\/post"}],"author":[{"embeddable":true,"href":"https:\/\/ami.mr\/fr\/wp-json\/wp\/v2\/users\/1"}],"replies":[{"embeddable":true,"href":"https:\/\/ami.mr\/fr\/wp-json\/wp\/v2\/comments?post=92954"}],"version-history":[{"count":1,"href":"https:\/\/ami.mr\/fr\/wp-json\/wp\/v2\/posts\/92954\/revisions"}],"predecessor-version":[{"id":195268,"href":"https:\/\/ami.mr\/fr\/wp-json\/wp\/v2\/posts\/92954\/revisions\/195268"}],"wp:attachment":[{"href":"https:\/\/ami.mr\/fr\/wp-json\/wp\/v2\/media?parent=92954"}],"wp:term":[{"taxonomy":"category","embeddable":true,"href":"https:\/\/ami.mr\/fr\/wp-json\/wp\/v2\/categories?post=92954"},{"taxonomy":"post_tag","embeddable":true,"href":"https:\/\/ami.mr\/fr\/wp-json\/wp\/v2\/tags?post=92954"}],"curies":[{"name":"wp","href":"https:\/\/api.w.org\/{rel}","templated":true}]}}