{"id":92941,"date":"2022-03-07T13:56:33","date_gmt":"2022-03-07T13:56:33","guid":{"rendered":"http:\/\/192.168.64.2\/fr\/index.php\/2022\/03\/07\/le-porte-parole-du-gouvernement-accueille-des-etudiants-rapatries-dukraine\/"},"modified":"2022-07-05T11:15:03","modified_gmt":"2022-07-05T11:15:03","slug":"le-porte-parole-du-gouvernement-accueille-des-etudiants-rapatries-dukraine","status":"publish","type":"post","link":"https:\/\/ami.mr\/fr\/archives\/92941","title":{"rendered":"Le porte-parole du gouvernement accueille des \u00e9tudiants rapatri\u00e9s d\u2019Ukraine"},"content":{"rendered":"<p>Le ministre de la Culture, de la Jeunesse, des Sport et des Relations avec le Parlement, le porte-parole du gouvernement, M. Mokhtar Ould Dahi, a accueilli, \u00e0 l\u2019a\u00e9roport international de Nouakchott Oum-Tounsi, un nouveau contingent de huit de nos \u00e9tudiants en Ukraine qui \u00e9taient bloqu\u00e9s en Ukraine. Le ministre \u00e9tait en compagnie du secr\u00e9taire g\u00e9n\u00e9ral du minist\u00e8re des Affaires \u00e9trang\u00e8res et de la Coop\u00e9ration et des Mauritaniens \u00e0 l\u2019Ext\u00e9rieur, M. Ahmed Ould Sid\u2019Ahmed Ould Edje, du d\u00e9put\u00e9 Mokhtar Ould Khalifa, pr\u00e9sident de l\u2019Union internationale des bureaux de la diaspora mauritanienne, de Mme Khadi Fall consul honoraire d\u2019Ukraine dans notre pays, des membres du comit\u00e9 charg\u00e9 du suivi de la situation des \u00e9tudiants mauritaniens bloqu\u00e9s en Ukraine, en plus d\u2019autres personnalit\u00e9s concern\u00e9es par ce dossier.<\/p>\n<p>Le porte-parole du gouvernement a, dans une d\u00e9claration qu&#8217;il a faite \u00e0 l\u2019AMI, affirm\u00e9 que le nombre d\u2019\u00e9tudiants mauritaniens en Ukraine s\u2019\u00e9l\u00e8ve \u00e0 40 dont 11 ont regagn\u00e9 le pays avant la guerre, et que des mesures ont \u00e9t\u00e9 prises pour rapatrier les 28 autres \u00e0 partir des fronti\u00e8res roumano-ukrainiennes, ajoutant que 3 \u00e9tudiants n\u2019ont pas pu \u00eatre achemin\u00e9s \u00e0 bord de ce vol \u00e0 cause des formalit\u00e9s li\u00e9es au coronavirus, et qu\u2019ils regagneront leur patrie dans plus les brefs d\u00e9lais.<\/p>\n<p>Il a indiqu\u00e9 que l&#8217;int\u00e9r\u00eat accord\u00e9 \u00e0 cette question proc\u00e8de du principe g\u00e9n\u00e9ral de traitement des affaires des Mauritaniens \u00e0 l&#8217;\u00e9tranger avec toute la diligence et l\u2019efficacit\u00e9 n\u00e9cessaires \u00e0 chaque fois, qu\u2019Allah nous en pr\u00e9serve, qu&#8217;une crise survient dans n&#8217;importe quel pays o\u00f9 r\u00e9sident des compatriotes.<\/p>\n<p>Le ministre a ajout\u00e9 qu&#8217;il y a un travail institutionnel sous la direction et le suivi de Son Excellence le Pr\u00e9sident de la R\u00e9publique, M. Mohamed Ould Cheikh Al-Ghazwani, o\u00f9 une cellule sp\u00e9ciale a \u00e9t\u00e9 cr\u00e9\u00e9e au sein du minist\u00e8re charg\u00e9 des urgences.<\/p>\n<p>Le porte-parole du gouvernement a ajout\u00e9 que le rapatriement des \u00e9tudiants mauritaniens en Ukraine s&#8217;est d\u00e9roul\u00e9e selon des proc\u00e9dures rapides et en coordination avec les communaut\u00e9s, les parties concern\u00e9es et certains pays fr\u00e8res et amis.<\/p>\n<p>Pour leur part, les parents d&#8217;\u00e9l\u00e8ves ont exprim\u00e9 leurs remerciements et leur reconnaissance \u00e0 Son Excellence le Pr\u00e9sident de la R\u00e9publique, M. Mohamed Ould Cheikh El Ghazouani, pour ses instructions au minist\u00e8re des Affaires \u00e9trang\u00e8res qui ont valu \u00e0 leurs enfants de quitter une zone de guerre et de rentrer au pays en toute s\u00e9curit\u00e9.<\/p>\n","protected":false},"excerpt":{"rendered":"<p>Le ministre de la Culture, de la Jeunesse, des Sport et des Relations avec le Parlement, le porte-parole du gouvernement, M. Mokhtar Ould Dahi, a accueilli, \u00e0 l\u2019a\u00e9roport international de Nouakchott Oum-Tounsi, un nouveau contingent de huit de nos \u00e9tudiants en Ukraine qui \u00e9taient bloqu\u00e9s en Ukraine<\/p>\n","protected":false},"author":1,"featured_media":195245,"comment_status":"closed","ping_status":"closed","sticky":false,"template":"","format":"standard","meta":{"footnotes":""},"categories":[],"tags":[63990,62741,63725,62476],"class_list":["post-92941","post","type-post","status-publish","format-standard","has-post-thumbnail","hentry","tag-activites-gouvernementales","tag-khweira","tag-mariemeb","tag-nouakchott"],"_links":{"self":[{"href":"https:\/\/ami.mr\/fr\/wp-json\/wp\/v2\/posts\/92941","targetHints":{"allow":["GET"]}}],"collection":[{"href":"https:\/\/ami.mr\/fr\/wp-json\/wp\/v2\/posts"}],"about":[{"href":"https:\/\/ami.mr\/fr\/wp-json\/wp\/v2\/types\/post"}],"author":[{"embeddable":true,"href":"https:\/\/ami.mr\/fr\/wp-json\/wp\/v2\/users\/1"}],"replies":[{"embeddable":true,"href":"https:\/\/ami.mr\/fr\/wp-json\/wp\/v2\/comments?post=92941"}],"version-history":[{"count":1,"href":"https:\/\/ami.mr\/fr\/wp-json\/wp\/v2\/posts\/92941\/revisions"}],"predecessor-version":[{"id":195244,"href":"https:\/\/ami.mr\/fr\/wp-json\/wp\/v2\/posts\/92941\/revisions\/195244"}],"wp:featuredmedia":[{"embeddable":true,"href":"https:\/\/ami.mr\/fr\/wp-json\/wp\/v2\/media\/195245"}],"wp:attachment":[{"href":"https:\/\/ami.mr\/fr\/wp-json\/wp\/v2\/media?parent=92941"}],"wp:term":[{"taxonomy":"category","embeddable":true,"href":"https:\/\/ami.mr\/fr\/wp-json\/wp\/v2\/categories?post=92941"},{"taxonomy":"post_tag","embeddable":true,"href":"https:\/\/ami.mr\/fr\/wp-json\/wp\/v2\/tags?post=92941"}],"curies":[{"name":"wp","href":"https:\/\/api.w.org\/{rel}","templated":true}]}}