{"id":92214,"date":"2022-01-18T16:48:26","date_gmt":"2022-01-18T16:48:26","guid":{"rendered":"http:\/\/192.168.64.2\/fr\/index.php\/2022\/01\/18\/lancement-du-projet-dappui-a-la-resilience-des-entreprises-des-jeunes-dans-les-pays-du-g5-sahel\/"},"modified":"2022-07-05T10:25:52","modified_gmt":"2022-07-05T10:25:52","slug":"lancement-du-projet-dappui-a-la-resilience-des-entreprises-des-jeunes-dans-les-pays-du-g5-sahel","status":"publish","type":"post","link":"https:\/\/ami.mr\/fr\/archives\/92214","title":{"rendered":"Lancement du projet d\u2019Appui \u00e0 la R\u00e9silience des Entreprises des Jeunes dans les pays du G5-Sahel"},"content":{"rendered":"<p>Le secr\u00e9tariat Ex\u00e9cutif du G5 Sahel a lanc\u00e9, mardi, \u00e0 Nouakchott, le projet d\u2019Appui \u00e0 la R\u00e9silience des Entreprises des Jeunes dans les pays du G5-Sahel (PAREJ).<\/p>\n<p>Ce projet lanc\u00e9 en coop\u00e9ration avec la Banque africaine de d\u00e9veloppement vise le renforcement des capacit\u00e9s techniques des jeunes dirigeants d\u2019Entreprises et d\u2019am\u00e9liorer leur acc\u00e8s aux m\u00e9canismes de financement afin d\u2019accroitre leur productivit\u00e9 et de cr\u00e9er des Emplois pour les jeunes.<\/p>\n<p>Dans un mot prononc\u00e9 \u00e0 cette occasion, le secr\u00e9taire ex\u00e9cutif du G5 M. Eric Tayari, a indiqu\u00e9 que ce projet est une r\u00e9ponse \u00e0 la requ\u00eate lanc\u00e9e en mars 2020 par le conseil des ministres du G5 Sahel vise \u00e0 soutenir la reprise et l\u2019expansion des activit\u00e9s des Micro, petites et moyennes Entreprises des jeunes face aux effets de la covid-19.<\/p>\n<p>Il a soulign\u00e9 que le projet d\u2019un montant de 4 millions de dollars et qui sera ex\u00e9cut\u00e9 par l\u2019Union des chambres de commerce et d\u2019Industrie (UCCI) sur une dur\u00e9e de trois ans, est articul\u00e9 autour de trois composantes qui sont le renforcement des capacit\u00e9s de gestion des entreprises des jeunes en p\u00e9riode de covid-19, la relance de la productivit\u00e9 des entreprises des jeunes et la gestion du projet.<\/p>\n<p>Dans ce cadre, ajoute- t \u2013il, 100 PMEs de jeunes seront s\u00e9lectionn\u00e9es pour b\u00e9n\u00e9ficier des appuis du projet pour un meilleur impact sur leurs activit\u00e9s avec une participation f\u00e9minine de l\u2019ordre de 30 \u00e0 50%.<\/p>\n<p>Pour sa part, le vice-pr\u00e9sident des Chambres de Commerce et d\u2019Industrie du G5, M. Mohamed Ould El Waled, a pr\u00e9cis\u00e9 que ce projet d\u2019appui permettra de soutenir 500 jeunes entrepreneurs de l\u2019espace G5 Sahel avec des appuis techniques et financiers et permettra de contribuer de mani\u00e8re constructive et significative au d\u00e9veloppement \u00e9conomique des pays du G5 Sahel.<\/p>\n<p>Il a indiqu\u00e9 que parmi les projets en cours d\u2019\u00e9tude figure un projet de mise en place de ports secs au niveau des 4 fronti\u00e8res terrestres de l\u2019Espace G5 Sahel qui fonctionneront comme des centres de transbordement de cargaisons maritimes vers des destinations \u00e0 l\u2019int\u00e9rieur les territoires, ce qui va favoriser la croissance \u00e9conomique de ces pays.<\/p>\n","protected":false},"excerpt":{"rendered":"<p>Le secr\u00e9tariat Ex\u00e9cutif du G5 Sahel a lanc\u00e9, mardi, \u00e0 Nouakchott, le projet d\u2019Appui \u00e0 la R\u00e9silience des Entreprises des Jeunes dans les pays du G5-Sahel (PAREJ).<\/p>\n<p>Ce proj<\/p>\n","protected":false},"author":1,"featured_media":193875,"comment_status":"closed","ping_status":"closed","sticky":false,"template":"","format":"standard","meta":{"footnotes":""},"categories":[],"tags":[63745,63367,62476,63996],"class_list":["post-92214","post","type-post","status-publish","format-standard","has-post-thumbnail","hentry","tag-jemal","tag-moctar","tag-nouakchott","tag-societe"],"_links":{"self":[{"href":"https:\/\/ami.mr\/fr\/wp-json\/wp\/v2\/posts\/92214","targetHints":{"allow":["GET"]}}],"collection":[{"href":"https:\/\/ami.mr\/fr\/wp-json\/wp\/v2\/posts"}],"about":[{"href":"https:\/\/ami.mr\/fr\/wp-json\/wp\/v2\/types\/post"}],"author":[{"embeddable":true,"href":"https:\/\/ami.mr\/fr\/wp-json\/wp\/v2\/users\/1"}],"replies":[{"embeddable":true,"href":"https:\/\/ami.mr\/fr\/wp-json\/wp\/v2\/comments?post=92214"}],"version-history":[{"count":1,"href":"https:\/\/ami.mr\/fr\/wp-json\/wp\/v2\/posts\/92214\/revisions"}],"predecessor-version":[{"id":193874,"href":"https:\/\/ami.mr\/fr\/wp-json\/wp\/v2\/posts\/92214\/revisions\/193874"}],"wp:featuredmedia":[{"embeddable":true,"href":"https:\/\/ami.mr\/fr\/wp-json\/wp\/v2\/media\/193875"}],"wp:attachment":[{"href":"https:\/\/ami.mr\/fr\/wp-json\/wp\/v2\/media?parent=92214"}],"wp:term":[{"taxonomy":"category","embeddable":true,"href":"https:\/\/ami.mr\/fr\/wp-json\/wp\/v2\/categories?post=92214"},{"taxonomy":"post_tag","embeddable":true,"href":"https:\/\/ami.mr\/fr\/wp-json\/wp\/v2\/tags?post=92214"}],"curies":[{"name":"wp","href":"https:\/\/api.w.org\/{rel}","templated":true}]}}