{"id":92213,"date":"2022-01-18T16:45:52","date_gmt":"2022-01-18T16:45:52","guid":{"rendered":"http:\/\/192.168.64.2\/fr\/index.php\/2022\/01\/18\/le-ministre-de-lhydraulique-participe-a-un-debat-consacre-a-lacces-a-leau-a-lassainissement-et-a-lenergie-en-mauritanie\/"},"modified":"2022-07-05T10:25:47","modified_gmt":"2022-07-05T10:25:47","slug":"le-ministre-de-lhydraulique-participe-a-un-debat-consacre-a-lacces-a-leau-a-lassainissement-et-a-lenergie-en-mauritanie","status":"publish","type":"post","link":"https:\/\/ami.mr\/fr\/archives\/92213","title":{"rendered":"Le ministre de l\u2019Hydraulique participe \u00e0 un d\u00e9bat consacr\u00e9 \u00e0 l\u2019acc\u00e8s \u00e0 l\u2019eau, \u00e0 l\u2019Assainissement et \u00e0 l\u2019\u00e9nergie en Mauritanie"},"content":{"rendered":"<p>Le ministre de l&#8217;Hydraulique et de l&#8217;Assainissement, M. Mohamed El Hacen Ould Boukhreiss a particip\u00e9, mardi, par visioconf\u00e9rence \u00e0 un d\u00e9bat consacr\u00e9 \u00e0 l\u2019acc\u00e8s aux services de l\u2019eau de l\u2019\u00e9nergie et de l\u2019assainissement en Mauritanie organis\u00e9 par le centre Think Tank Resources..<\/p>\n<p>Dans son intervention, le ministre a mis en exergue l\u2019exp\u00e9rience mauritanienne en mati\u00e8re d\u2019assainissement et d\u2019acc\u00e8s des populations \u00e0 l\u2019eau.<\/p>\n<p>Dans ce cadre, a-t-il dit, le minist\u00e8re a lanc\u00e9 une r\u00e9flexion sur la d\u00e9l\u00e9gation des services publique, soulignant que le d\u00e9partement a renforc\u00e9 la structure de l&#8217;office national des services de l&#8217;eau en milieu rural pour assurer la d\u00e9centralisation.<\/p>\n<p>M. Mohamed El Hacen Ould Boukhreiss a affirm\u00e9 que la Mauritanie a une superficie de plus d\u2019un million 500 mille km\u00b2 et \u00e0 ce titre, a-t- il remarqu\u00e9, il n\u2019est pas compr\u00e9hensible que l\u2019acc\u00e8s \u00e0 l\u2019eau potable continue \u00e0 \u00eatre g\u00e9r\u00e9 \u00e0 partir de la capitale. Le ministre a not\u00e9 que pour approvisionner le pays, le d\u00e9partement a proc\u00e9d\u00e9 \u00e0 la d\u00e9centralisation des services de l\u2019eau. &#8220;Cette orientation a donn\u00e9 de tr\u00e8s bons r\u00e9sultats&#8221; assur\u00e9 M. Mohamed El Hacen Ould Boukhreiss<\/p>\n<p>La Mauritanie est aliment\u00e9e par les nappes du Trarza et du Dhar en plus de l&#8217;Aftout Sahili qui approvisionne, \u00e0 partir du fleuve, la ville de Nouakchott a pr\u00e9cis\u00e9 assur\u00e9 le ministre avant d&#8217;ajouter que le d\u00e9partement a engag\u00e9 la m\u00eame r\u00e9flexion \u00e0 Foum Gleita, zone marqu\u00e9e par la pauvret\u00e9, o\u00f9 il a \u00e9t\u00e9 proc\u00e9d\u00e9 \u00e0 l&#8217;alimentation en eau potable des populations des localit\u00e9s situ\u00e9es sur un axe de 150 km.<\/p>\n<p>M. Mohamed El Hacen Ould Boukhreiss a encore dit que son d\u00e9partement a aliment\u00e9 des localit\u00e9s du Hodh Charghi, l&#8217;une des plus importance wilaya du pays, sur sur une distance de 300 km \u00e0 partir de la nappe du Dhar.<\/p>\n<p>Dans le domaine de l&#8217;\u00e9nergie, le ministre a pr\u00e9cis\u00e9 que 80 % des moyens d\u2019exhaure du pays, en zone rurale, sont aliment\u00e9s \u00e0 partir de l\u2019\u00e9nergie solaire avant d&#8217;assurer que La Mauritanie poss\u00e8de le troisi\u00e8me potentiel \u00e9olien d\u2019Afrique.<\/p>\n<p>Au sujet de d\u2019hydrog\u00e8ne d&#8217;air, il a assur\u00e9 que la Mauritanie est en avance dans ce domaine, ajoutant qu&#8217;une strat\u00e9gie est d\u00e9j\u00e0 en pr\u00e9paration et des partenaires sont pr\u00e9sents dans le pays, dans le cadre d&#8217;une perceptive de d\u00e9velopper cette \u00e9nergie.<\/p>\n<p>Par rapport \u00e0 l\u2019assainissement, M. Mohamed El hacen Ould Boukhreiss a soulign\u00e9 qu&#8217;un projet d\u2019assainissement de la ville de Nouakchott est engag\u00e9 depuis une dizaine d&#8217;ann\u00e9es.<\/p>\n<p>\u00ab Avec la nouvelle loi sur le PPP, Nous sommes actuellement \u00e0 la recherche d\u2019un partenariat public-priv\u00e9 pour l\u2019assainissement de la capitale \u00bb, a-t-il conclu.<\/p>\n","protected":false},"excerpt":{"rendered":"<p>Le ministre de l&#8217;Hydraulique et de l&#8217;Assainissement, M. Mohamed El Hacen Ould Boukhreiss a particip\u00e9, mardi, par visioconf\u00e9rence \u00e0 un d\u00e9bat consacr\u00e9 \u00e0 l\u2019acc\u00e8s aux services de l\u2019eau de l\u2019\u00e9nergie et de l\u2019assainissement en Mauritanie organis\u00e9 par le centre Think Tank Resources<\/p>\n","protected":false},"author":1,"featured_media":193873,"comment_status":"closed","ping_status":"closed","sticky":false,"template":"","format":"standard","meta":{"footnotes":""},"categories":[],"tags":[63990,63745,63367,62476],"class_list":["post-92213","post","type-post","status-publish","format-standard","has-post-thumbnail","hentry","tag-activites-gouvernementales","tag-jemal","tag-moctar","tag-nouakchott"],"_links":{"self":[{"href":"https:\/\/ami.mr\/fr\/wp-json\/wp\/v2\/posts\/92213","targetHints":{"allow":["GET"]}}],"collection":[{"href":"https:\/\/ami.mr\/fr\/wp-json\/wp\/v2\/posts"}],"about":[{"href":"https:\/\/ami.mr\/fr\/wp-json\/wp\/v2\/types\/post"}],"author":[{"embeddable":true,"href":"https:\/\/ami.mr\/fr\/wp-json\/wp\/v2\/users\/1"}],"replies":[{"embeddable":true,"href":"https:\/\/ami.mr\/fr\/wp-json\/wp\/v2\/comments?post=92213"}],"version-history":[{"count":1,"href":"https:\/\/ami.mr\/fr\/wp-json\/wp\/v2\/posts\/92213\/revisions"}],"predecessor-version":[{"id":193872,"href":"https:\/\/ami.mr\/fr\/wp-json\/wp\/v2\/posts\/92213\/revisions\/193872"}],"wp:featuredmedia":[{"embeddable":true,"href":"https:\/\/ami.mr\/fr\/wp-json\/wp\/v2\/media\/193873"}],"wp:attachment":[{"href":"https:\/\/ami.mr\/fr\/wp-json\/wp\/v2\/media?parent=92213"}],"wp:term":[{"taxonomy":"category","embeddable":true,"href":"https:\/\/ami.mr\/fr\/wp-json\/wp\/v2\/categories?post=92213"},{"taxonomy":"post_tag","embeddable":true,"href":"https:\/\/ami.mr\/fr\/wp-json\/wp\/v2\/tags?post=92213"}],"curies":[{"name":"wp","href":"https:\/\/api.w.org\/{rel}","templated":true}]}}