{"id":92212,"date":"2022-01-18T16:42:02","date_gmt":"2022-01-18T16:42:02","guid":{"rendered":"http:\/\/192.168.64.2\/fr\/index.php\/2022\/01\/18\/programme-mon-projet-mon-avenir-mecanismes-de-financements-concessionnels-et-creation-dopportunites-demplois-decents-pour-les-jeunes\/"},"modified":"2022-07-05T10:25:46","modified_gmt":"2022-07-05T10:25:46","slug":"programme-mon-projet-mon-avenir-mecanismes-de-financements-concessionnels-et-creation-dopportunites-demplois-decents-pour-les-jeunes","status":"publish","type":"post","link":"https:\/\/ami.mr\/fr\/archives\/92212","title":{"rendered":"Programme \u00ab Mon projet, mon avenir \u00bb: m\u00e9canismes de financements concessionnels et cr\u00e9ation d&#8217;opportunit\u00e9s d&#8217;emplois d\u00e9cents pour les jeunes"},"content":{"rendered":"<p>Le programme \u00ab Mon projet, mon avenir \u00bb, dont le Ministre de l&#8217;Emploi et de la Formation Professionnelle, M. Taleb Ould Sid\u2019Ahmed, a supervis\u00e9, lundi \u00e0 Nouakchott, le lancement de la seconde phase de financement, qui ouvre des perspectives prometteuses au financement et \u00e0 la mise en \u0153uvre de nombreux projets au cours de l\u2019ann\u00e9e 2022.<\/p>\n<p>En effet les financements mobilis\u00e9s profiteront, dans le cadre de cette deuxi\u00e8me \u00e9tape du programme \u00e0 603 b\u00e9n\u00e9ficiaires alors que 1 000 autres seront orient\u00e9s, 300 Petites et Moyennes Entreprises (PME) financ\u00e9es, 1 100 accompagn\u00e9s avant le financement en plus de la formation, le suivi et l\u2019encadrement de 50 projets agricoles dans le cadre de l&#8217;accord sign\u00e9 avec la FAO.<\/p>\n<p>Programme ambitieux, \u00ab Mon projet, mon avenir \u00bb, est au c\u0153ur des engagements de Son Excellence le Pr\u00e9sident de la R\u00e9publique, Monsieur Mohamed Ould Cheikh El-Ghazouani, visant \u00e0 permettre aux jeunes int\u00e9ress\u00e9s par l&#8217;auto-emploi l\u2019acc\u00e8s aux m\u00e9canismes de financement \u00e0 des conditions pr\u00e9f\u00e9rentielles, leur permettent de mat\u00e9rialiser leurs ambitions dans le monde de l&#8217;entrepreneuriat.<\/p>\n<p>Afin de mieux s\u2019informer sur ce programme, des services qu&#8217;il fournit et des opportunit\u00e9s qu&#8217;il offre aux jeunes d\u00e9sireux d\u2019entrer dans le monde des finances et des affaires depuis son portail, l\u2019Agence Mauritanienne d\u2019Information (AMI) a rencontr\u00e9 \u00e0 ce propos le Charg\u00e9 des services financiers au Programme \u00ab Mon projet, mon avenir \u00bb, M. Mahfoudh Ould Ahmed Cheine.<\/p>\n<p>\u00ab Afin d\u2019atteindre ces objectifs, le d\u00e9partement de l\u2019Emploi et de la formation professionnelle a cr\u00e9\u00e9 et lanc\u00e9 le programme \u00ab mon projet mon avenir \u00bb, comme concr\u00e9tisation de la politique du gouvernement en mati\u00e8re de lutte contre le ch\u00f4mage et de cr\u00e9ation d\u2019opportunit\u00e9s d&#8217;emplois d\u00e9cents, en particulier dans les rangs des jeunes ch\u00f4meurs \u00bb, a-t-il affirm\u00e9.<\/p>\n<p>\u00ab Le lancement de la premi\u00e8re op\u00e9ration de ce programme l&#8217;ann\u00e9e derni\u00e8re a occasionn\u00e9 la cr\u00e9ation de 1 500 opportunit\u00e9s d&#8217;emplois sur l&#8217;ensemble du territoire national, suivant les conditions de s\u00e9lection des jeunes \u00e2g\u00e9s de 18 ans \u00e0 40 ans, avec la poursuite avec d\u00e9termination et en d\u00e9pit de la pand\u00e9mie de la Covid-19 de 480 PME de leurs activit\u00e9s \u00bb, a-t-il ajout\u00e9.<\/p>\n<p>Il a soulign\u00e9 aussi, la r\u00e9ception par courrier \u00e9lectronique via la plateforme \u00ab DELIL \u00bb, dans le cadre de la deuxi\u00e8me op\u00e9ration de ce programme, lanc\u00e9e le 01\/06\/2021, des dossiers des candidats jusqu&#8217;au 05\/07\/2021, couvrant toutes les moughataas du pays, indiquant que sur 1932 candidats, 750 ont \u00e9t\u00e9 s\u00e9lectionn\u00e9s et verront leurs projets financ\u00e9s par la Caisse de D\u00e9p\u00f4ts et de D\u00e9veloppement (CDD) dans les capitales des wilayas et par les Caisses Populaires d\u2019Epargne et de Cr\u00e9dit (CAPEC).<\/p>\n<p>D&#8217;autre part, il a cit\u00e9 \u00e0 titre non exhaustif, certains acquis r\u00e9alis\u00e9s gr\u00e2ce \u00e0 l\u2019ex\u00e9cution de ce programme, dont les proc\u00e9dures relatives aux b\u00e9n\u00e9ficiaires ont commenc\u00e9 il y a une semaine environ :<\/p>\n<p>&#8211; Une campagne de sensibilisation pour faire conna\u00eetre le programme au niveau de toutes les wilayas du pays, qui a abouti \u00e0 la r\u00e9ception de 12 350 dossiers de candidature,<\/p>\n<p>&#8211; La formation de 500 b\u00e9n\u00e9ficiaires avant le financement en mati\u00e8re d\u2019\u00e9laboration de plans d\u2019action en plus d\u2019un perfectionnement, donnant lieu \u00e0 la r\u00e9alisation de 500 plans d\u2019action,<\/p>\n<p>&#8211; L\u2019accompagnement de la mise effective sur pied de 500 PME, ayant conduit au financement de 480 projets,<\/p>\n<p>&#8211; La cr\u00e9ation de plus de 1440 emplois directs,<\/p>\n<p>&#8211; La formation de 105 b\u00e9n\u00e9ficiaires dans le domaine de la gestion de projet,<\/p>\n<p>&#8211; L\u2019accompagnement et le suivi de 500 PME avant financement, la formation de 15 composantes dans le domaine des PME, l\u2019organisation d&#8217;un salon des PME et de promotion des entreprises f\u00e9minines, la formation de 30 formateurs dans le domaine des PME, qui se tiendront tous dans le cadre de la mise en \u0153uvre des activit\u00e9s du programme C2D4,<\/p>\n<p>&#8211; La formation de 150 b\u00e9n\u00e9ficiaires dans le domaine des PME avant financement, dans le cadre de la convention sign\u00e9e avec la Chambre de Commerce, d&#8217;Industrie et d\u2019agriculture de Mauritanie (CCIAM),<\/p>\n<p>Les fonds accord\u00e9s par le programme \u00ab Mon projet mon avenir \u00bb sont consid\u00e9r\u00e9s comme \u00e9tant des pr\u00eats tr\u00e8s avantageux, comparativement aux cr\u00e9dits fournis dans le domaine des PME, pour lesquels le minist\u00e8re de l&#8217;Emploi et de la Formation professionnelle, prend en charge les 2 % annuellement appliqu\u00e9s par les institutions financi\u00e8res aux b\u00e9n\u00e9ficiaires sous forme de frais de tenue de compte.<\/p>\n<p>Reportage : Mohamed Salem Mohamed Ejdey<\/p>\n","protected":false},"excerpt":{"rendered":"<p>Le programme \u00ab Mon projet, mon avenir \u00bb, dont le Ministre de l&#8217;Emploi et de la Formation Professionnelle, M. Taleb Ould Sid\u2019Ahmed, a supervis\u00e9, lundi \u00e0 Nouakchott, le lancement de la seconde phase de financement, qui ouvre des perspectives prometteuses au financement et \u00e0 la mise en \u0153uvre de nombreux projets au cours de l\u2019ann\u00e9e 2022<\/p>\n","protected":false},"author":1,"featured_media":0,"comment_status":"closed","ping_status":"closed","sticky":false,"template":"","format":"standard","meta":{"footnotes":""},"categories":[],"tags":[63367,62476,63996],"class_list":["post-92212","post","type-post","status-publish","format-standard","hentry","tag-moctar","tag-nouakchott","tag-societe"],"_links":{"self":[{"href":"https:\/\/ami.mr\/fr\/wp-json\/wp\/v2\/posts\/92212","targetHints":{"allow":["GET"]}}],"collection":[{"href":"https:\/\/ami.mr\/fr\/wp-json\/wp\/v2\/posts"}],"about":[{"href":"https:\/\/ami.mr\/fr\/wp-json\/wp\/v2\/types\/post"}],"author":[{"embeddable":true,"href":"https:\/\/ami.mr\/fr\/wp-json\/wp\/v2\/users\/1"}],"replies":[{"embeddable":true,"href":"https:\/\/ami.mr\/fr\/wp-json\/wp\/v2\/comments?post=92212"}],"version-history":[{"count":1,"href":"https:\/\/ami.mr\/fr\/wp-json\/wp\/v2\/posts\/92212\/revisions"}],"predecessor-version":[{"id":193871,"href":"https:\/\/ami.mr\/fr\/wp-json\/wp\/v2\/posts\/92212\/revisions\/193871"}],"wp:attachment":[{"href":"https:\/\/ami.mr\/fr\/wp-json\/wp\/v2\/media?parent=92212"}],"wp:term":[{"taxonomy":"category","embeddable":true,"href":"https:\/\/ami.mr\/fr\/wp-json\/wp\/v2\/categories?post=92212"},{"taxonomy":"post_tag","embeddable":true,"href":"https:\/\/ami.mr\/fr\/wp-json\/wp\/v2\/tags?post=92212"}],"curies":[{"name":"wp","href":"https:\/\/api.w.org\/{rel}","templated":true}]}}