{"id":92211,"date":"2022-01-18T14:48:08","date_gmt":"2022-01-18T14:48:08","guid":{"rendered":"http:\/\/192.168.64.2\/fr\/index.php\/2022\/01\/18\/le-ministre-luxembourgeois-des-affaires-etrangeres-salue-le-role-joue-par-la-mauritanie-dans-le-retablissement-de-la-paix-dans-la-region\/"},"modified":"2022-07-05T10:25:42","modified_gmt":"2022-07-05T10:25:42","slug":"le-ministre-luxembourgeois-des-affaires-etrangeres-salue-le-role-joue-par-la-mauritanie-dans-le-retablissement-de-la-paix-dans-la-region","status":"publish","type":"post","link":"https:\/\/ami.mr\/fr\/archives\/92211","title":{"rendered":"Le ministre luxembourgeois des affaires \u00e9trang\u00e8res salue le r\u00f4le jou\u00e9 par la Mauritanie dans le r\u00e9tablissement de la paix dans la r\u00e9gion"},"content":{"rendered":"<p>A l\u2019issue de l\u2019audience que lui a accord\u00e9e Son Excellence le Pr\u00e9sident de la R\u00e9publique, Monsieur Mohamed Ould Cheikh El Ghazouani, le ministre luxembourgeois des Affaires \u00e9trang\u00e8res et europ\u00e9ennes, ministre de l\u2019Immigration et de l\u2019Asile, M. Jean-Asselborn, M. Jean-Asselberon, a fait, mardi, une d\u00e9claration \u00e0 l\u2019AMI dans laquelle il s\u2019est f\u00e9licit\u00e9 du r\u00f4le que joue la Mauritanie dans le r\u00e9tablissement de la paix dans la r\u00e9gion.<\/p>\n<p>Il a indiqu\u00e9 que les discussions ont port\u00e9 sur le renforcement des relations bilat\u00e9rales. Dans ce cadre, indique- t-il, l\u2019ambassadeur luxembourgeois au S\u00e9n\u00e9gal va \u00eatre accr\u00e9dit\u00e9 en Mauritanie, ainsi qu\u2019un consul honoraire pour le Luxembourg.<\/p>\n<p>Il a ajout\u00e9 que l\u2019entrevue avec le Pr\u00e9sident de la R\u00e9publique a permis \u00e9galement de s\u2019entretenir sur le d\u00e9veloppement en Mauritanie, la situation en Europe et la situation g\u00e9opolitique dans la r\u00e9gion du Sahel, notamment celle du Mali qui a \u00e9t\u00e9 au c\u0153ur des discussions.<\/p>\n<p>Le ministre luxembourgeois a lou\u00e9 le r\u00f4le important que la Mauritanie a jou\u00e9 dans le cadre de sa pr\u00e9sidence du G5 Sahel pour \u00e9tablir la paix et la stabilit\u00e9 dans la r\u00e9gion.<\/p>\n<p>Il est \u00e0 noter que le ministre luxembourgeois des Affaires \u00e9trang\u00e8res et europ\u00e9ennes, ministre de l\u2019Immigration et de l\u2019Asile, M. Jean-Asselberon, est arriv\u00e9 \u00e0 Nouakchott, lundi soir, dans le cadre d\u2019une premi\u00e8re visite de quelques jours en Mauritanie.<\/p>\n<p>\u00c0 son arriv\u00e9e \u00e0 l\u2019a\u00e9roport international de Nouakchott Oumtounsy, le diplomate luxembourgeois a \u00e9t\u00e9 re\u00e7u par M. Isma\u00ebl Ould Cheikh Ahmed, ministre des Affaires \u00e9trang\u00e8res, de la Coop\u00e9ration et des Mauritaniens de l\u2019Ext\u00e9rieur.<\/p>\n","protected":false},"excerpt":{"rendered":"<p>A l\u2019issue de l\u2019audience que lui a accord\u00e9e Son Excellence le Pr\u00e9sident de la R\u00e9publique, Monsieur Mohamed Ould Cheikh El Ghazouani, le ministre luxembourgeois des Affaires \u00e9trang\u00e8res et europ\u00e9ennes, ministre de l\u2019Immigration et de l\u2019Asile, M<\/p>\n","protected":false},"author":1,"featured_media":193870,"comment_status":"closed","ping_status":"closed","sticky":false,"template":"","format":"standard","meta":{"footnotes":""},"categories":[],"tags":[63745,63725,62476,63993],"class_list":["post-92211","post","type-post","status-publish","format-standard","has-post-thumbnail","hentry","tag-jemal","tag-mariemeb","tag-nouakchott","tag-politique"],"_links":{"self":[{"href":"https:\/\/ami.mr\/fr\/wp-json\/wp\/v2\/posts\/92211","targetHints":{"allow":["GET"]}}],"collection":[{"href":"https:\/\/ami.mr\/fr\/wp-json\/wp\/v2\/posts"}],"about":[{"href":"https:\/\/ami.mr\/fr\/wp-json\/wp\/v2\/types\/post"}],"author":[{"embeddable":true,"href":"https:\/\/ami.mr\/fr\/wp-json\/wp\/v2\/users\/1"}],"replies":[{"embeddable":true,"href":"https:\/\/ami.mr\/fr\/wp-json\/wp\/v2\/comments?post=92211"}],"version-history":[{"count":1,"href":"https:\/\/ami.mr\/fr\/wp-json\/wp\/v2\/posts\/92211\/revisions"}],"predecessor-version":[{"id":193869,"href":"https:\/\/ami.mr\/fr\/wp-json\/wp\/v2\/posts\/92211\/revisions\/193869"}],"wp:featuredmedia":[{"embeddable":true,"href":"https:\/\/ami.mr\/fr\/wp-json\/wp\/v2\/media\/193870"}],"wp:attachment":[{"href":"https:\/\/ami.mr\/fr\/wp-json\/wp\/v2\/media?parent=92211"}],"wp:term":[{"taxonomy":"category","embeddable":true,"href":"https:\/\/ami.mr\/fr\/wp-json\/wp\/v2\/categories?post=92211"},{"taxonomy":"post_tag","embeddable":true,"href":"https:\/\/ami.mr\/fr\/wp-json\/wp\/v2\/tags?post=92211"}],"curies":[{"name":"wp","href":"https:\/\/api.w.org\/{rel}","templated":true}]}}