{"id":92060,"date":"2022-01-07T12:20:56","date_gmt":"2022-01-07T12:20:56","guid":{"rendered":"http:\/\/192.168.64.2\/fr\/index.php\/2022\/01\/07\/la-federation-mauritanienne-de-football-exprime-sa-gratitude-au-president-de-la-republique\/"},"modified":"2022-07-05T10:17:07","modified_gmt":"2022-07-05T10:17:07","slug":"la-federation-mauritanienne-de-football-exprime-sa-gratitude-au-president-de-la-republique","status":"publish","type":"post","link":"https:\/\/ami.mr\/fr\/archives\/92060","title":{"rendered":"La F\u00e9d\u00e9ration Mauritanienne de Football exprime sa gratitude au Pr\u00e9sident de la R\u00e9publique"},"content":{"rendered":"<p>La F\u00e9d\u00e9ration Mauritanienne de Football (FFRIM) a exprim\u00e9 ses remerciements et sa gratitude \u00e0 Son Excellence le Pr\u00e9sident de la R\u00e9publique, M. Mohamed Ould Cheikh El Ghazouani, pour ses instructions tendant \u00e0 acc\u00e9l\u00e9rer les proc\u00e9dures pour faire parvenir les aides financi\u00e8res li\u00e9es \u00e0 la prise en charge des d\u00e9penses de participation de l&#8217;\u00e9quipe nationale \u00e0 la Coupe d&#8217;Afrique des Nations &#8211; Cameroun 2021.<\/p>\n<p>Dans un communiqu\u00e9 publi\u00e9 par la F\u00e9d\u00e9ration, dont l&#8217;Agence mauritanienne d&#8217;information en a obtenu une copie, la F\u00e9d\u00e9ration Mauritanienne de Football annonce avoir re\u00e7u ce jour le g\u00e9n\u00e9reux soutien financier apport\u00e9 par le gouvernement mauritanien \u00e0 l&#8217;\u00e9quipe nationale, pour couvrir les frais de sa participation \u00e0 la Coupe d&#8217;Afrique des Nations &#8211; Cameroun 2021.<\/p>\n<p>A cette occasion, la F\u00e9d\u00e9ration adresse \u00e0 Son Excellence le Pr\u00e9sident de la R\u00e9publique, M. Mohamed Ould Cheikh El Ghazouani, ses sinc\u00e8res remerciements et sa gratitude pour ses instructions afin d&#8217;acc\u00e9l\u00e9rer les proc\u00e9dures de cet appui ; Ce geste confirme, s\u2019il en \u00e9tait besoin, son souci inlassable de soutenir le football national en g\u00e9n\u00e9ral et l&#8217;\u00e9quipe nationale en particulier.<\/p>\n<p>Les remerciements de la FFRIM vont \u00e9galement au Premier minist\u00e8re et au minist\u00e8re de tutelle, le minist\u00e8re de la Culture, de la Jeunesse et des Sports pour leur r\u00f4le appr\u00e9ciable \u00e0 cet \u00e9gard.<\/p>\n<p>La F\u00e9d\u00e9ration esp\u00e8re que la participation de l&#8217;\u00e9quipe nationale, qui est historiquement la deuxi\u00e8me du genre \u00e0 la Coupe d&#8217;Afrique des Nations, sera \u00e0 la hauteur des aspirations de notre direction et de notre peuple. Elle a soulign\u00e9 qu\u2019en tout \u00e9tat de cause, la F\u00e9d\u00e9ration, les joueurs et le staff de l&#8217;\u00e9quipe sont tous d\u00e9termin\u00e9s \u00e0 faire tout ce qui est en leur pouvoir et \u00e0 mobiliser toutes les \u00e9nergies afin de repr\u00e9senter Inchaa Allah dignement notre pays dans cette comp\u00e9tition.<\/p>\n<p>Le Bureau du Pr\u00e9sident&#8221;.<\/p>\n","protected":false},"excerpt":{"rendered":"<p>La F\u00e9d\u00e9ration Mauritanienne de Football (FFRIM) a exprim\u00e9 ses remerciements et sa gratitude \u00e0 Son Excellence le Pr\u00e9sident de la R\u00e9publique, M. Mohamed Ould Cheikh El Ghazouani, pour ses instructions tendant \u00e0 acc\u00e9l\u00e9rer les proc\u00e9dures pour faire parvenir les aides financi\u00e8res li\u00e9es \u00e0 la prise en charge des d\u00e9penses de participation de l&#8217;\u00e9quipe nationale \u00e0 la Coupe d&#8217;Afrique des Nations &#8211; Cameroun 2021<\/p>\n","protected":false},"author":1,"featured_media":193605,"comment_status":"closed","ping_status":"closed","sticky":false,"template":"","format":"standard","meta":{"footnotes":""},"categories":[32],"tags":[62969,63745,62476],"class_list":["post-92060","post","type-post","status-publish","format-standard","has-post-thumbnail","hentry","category-32","tag-alya","tag-jemal","tag-nouakchott"],"_links":{"self":[{"href":"https:\/\/ami.mr\/fr\/wp-json\/wp\/v2\/posts\/92060","targetHints":{"allow":["GET"]}}],"collection":[{"href":"https:\/\/ami.mr\/fr\/wp-json\/wp\/v2\/posts"}],"about":[{"href":"https:\/\/ami.mr\/fr\/wp-json\/wp\/v2\/types\/post"}],"author":[{"embeddable":true,"href":"https:\/\/ami.mr\/fr\/wp-json\/wp\/v2\/users\/1"}],"replies":[{"embeddable":true,"href":"https:\/\/ami.mr\/fr\/wp-json\/wp\/v2\/comments?post=92060"}],"version-history":[{"count":1,"href":"https:\/\/ami.mr\/fr\/wp-json\/wp\/v2\/posts\/92060\/revisions"}],"predecessor-version":[{"id":193604,"href":"https:\/\/ami.mr\/fr\/wp-json\/wp\/v2\/posts\/92060\/revisions\/193604"}],"wp:featuredmedia":[{"embeddable":true,"href":"https:\/\/ami.mr\/fr\/wp-json\/wp\/v2\/media\/193605"}],"wp:attachment":[{"href":"https:\/\/ami.mr\/fr\/wp-json\/wp\/v2\/media?parent=92060"}],"wp:term":[{"taxonomy":"category","embeddable":true,"href":"https:\/\/ami.mr\/fr\/wp-json\/wp\/v2\/categories?post=92060"},{"taxonomy":"post_tag","embeddable":true,"href":"https:\/\/ami.mr\/fr\/wp-json\/wp\/v2\/tags?post=92060"}],"curies":[{"name":"wp","href":"https:\/\/api.w.org\/{rel}","templated":true}]}}