{"id":92058,"date":"2022-01-07T11:36:09","date_gmt":"2022-01-07T11:36:09","guid":{"rendered":"http:\/\/192.168.64.2\/fr\/index.php\/2022\/01\/07\/le-wali-de-dakhlet-nouadhibou-presente-les-condoleances-du-president-de-la-republique-a-la-famille-ahel-cheine\/"},"modified":"2022-07-05T10:17:06","modified_gmt":"2022-07-05T10:17:06","slug":"le-wali-de-dakhlet-nouadhibou-presente-les-condoleances-du-president-de-la-republique-a-la-famille-ahel-cheine","status":"publish","type":"post","link":"https:\/\/ami.mr\/fr\/archives\/92058","title":{"rendered":"Le wali de Dakhlet Nouadhibou pr\u00e9sente les condol\u00e9ances du Pr\u00e9sident de la R\u00e9publique \u00e0 la famille Ahel Cheine"},"content":{"rendered":"<p>Le wali de Dakhlet Nouadhibou, M. Yahya Ould Cheikh Mohamed Vall, a pr\u00e9sent\u00e9 jeudi soir, dans la ville de Nouadhibou, au nom de Son Excellence le Pr\u00e9sident de la R\u00e9publique, M. Mohamed Ould Cheikh El-Ghazwani, ses condol\u00e9ances et l\u2019expression de sa sympathie \u00e0 la famille Ahel Cheine apr\u00e8s le d\u00e9c\u00e8s de feu, Ghourra Mint Soueilem, d\u00e9c\u00e9d\u00e9e avant-hier soir.<\/p>\n<p>Le wali a exprim\u00e9 \u00e0 la famille de la d\u00e9funte ses plus sinc\u00e8res condol\u00e9ances et sa sympathie, implorant le Tout-Puissant de l\u2019entourer de sa grande mis\u00e9ricorde, de la faire entrer dans son vaste Paradis et d&#8217;inspirer ses proches patience et r\u00e9confort.<\/p>\n<p>Pour sa part, la famille a exprim\u00e9 ses remerciements \u00e0 Son Excellence le Pr\u00e9sident de la R\u00e9publique, M. Mohamed Ould Cheikh El Ghazouani, pour ses sinc\u00e8res condol\u00e9ances et sa sympathie et pour la grande attention qu&#8217;il porte aux citoyens dans leur d\u00e9tresse, en priant Allah le Tout-Puissant de le guider vers le droit chemin.<\/p>\n<p>Le wali \u00e9tait accompagn\u00e9 de responsables locaux.<\/p>\n","protected":false},"excerpt":{"rendered":"<p>Le wali de Dakhlet Nouadhibou, M. Yahya Ould Cheikh Mohamed Vall, a pr\u00e9sent\u00e9 jeudi soir, dans la ville de Nouadhibou, au nom de Son Excellence le Pr\u00e9sident de la R\u00e9publique, M. Mohamed Ould Cheikh El-Ghazwani, ses condol\u00e9ances et l\u2019expression de sa sympathie \u00e0 la famille Ahel Cheine apr\u00e8s le d\u00e9c\u00e8s de feu, Ghourra Mint Soueilem, d\u00e9c\u00e9d\u00e9e avant-hier soir<\/p>\n","protected":false},"author":1,"featured_media":0,"comment_status":"closed","ping_status":"closed","sticky":false,"template":"","format":"standard","meta":{"footnotes":""},"categories":[8672],"tags":[63745,62482],"class_list":["post-92058","post","type-post","status-publish","format-standard","hentry","category-8672","tag-jemal","tag-nouadhibou"],"_links":{"self":[{"href":"https:\/\/ami.mr\/fr\/wp-json\/wp\/v2\/posts\/92058","targetHints":{"allow":["GET"]}}],"collection":[{"href":"https:\/\/ami.mr\/fr\/wp-json\/wp\/v2\/posts"}],"about":[{"href":"https:\/\/ami.mr\/fr\/wp-json\/wp\/v2\/types\/post"}],"author":[{"embeddable":true,"href":"https:\/\/ami.mr\/fr\/wp-json\/wp\/v2\/users\/1"}],"replies":[{"embeddable":true,"href":"https:\/\/ami.mr\/fr\/wp-json\/wp\/v2\/comments?post=92058"}],"version-history":[{"count":1,"href":"https:\/\/ami.mr\/fr\/wp-json\/wp\/v2\/posts\/92058\/revisions"}],"predecessor-version":[{"id":193602,"href":"https:\/\/ami.mr\/fr\/wp-json\/wp\/v2\/posts\/92058\/revisions\/193602"}],"wp:attachment":[{"href":"https:\/\/ami.mr\/fr\/wp-json\/wp\/v2\/media?parent=92058"}],"wp:term":[{"taxonomy":"category","embeddable":true,"href":"https:\/\/ami.mr\/fr\/wp-json\/wp\/v2\/categories?post=92058"},{"taxonomy":"post_tag","embeddable":true,"href":"https:\/\/ami.mr\/fr\/wp-json\/wp\/v2\/tags?post=92058"}],"curies":[{"name":"wp","href":"https:\/\/api.w.org\/{rel}","templated":true}]}}