{"id":92053,"date":"2022-01-06T21:17:17","date_gmt":"2022-01-06T21:17:17","guid":{"rendered":"http:\/\/192.168.64.2\/fr\/index.php\/2022\/01\/06\/aioun-luniversite-des-sciences-islamiques-organise-un-colloque-sur-lobligation-religieuse-de-contribuer-a-la-lutte-contre-le-covid-19\/"},"modified":"2022-07-05T10:16:51","modified_gmt":"2022-07-05T10:16:51","slug":"aioun-luniversite-des-sciences-islamiques-organise-un-colloque-sur-lobligation-religieuse-de-contribuer-a-la-lutte-contre-le-covid-19","status":"publish","type":"post","link":"https:\/\/ami.mr\/fr\/archives\/92053","title":{"rendered":"Aioun : L\u2019Universit\u00e9 des Sciences islamiques organise un colloque sur l&#8217;obligation religieuse de contribuer \u00e0 la lutte contre le Covid-19"},"content":{"rendered":"<p>L\u2019Universit\u00e9 des Sciences islamiques a organis\u00e9, ce jeudi, un colloque intitul\u00e9 \u00ab Responsabilit\u00e9 des institutions \u00bb, ax\u00e9 sur la n\u00e9cessit\u00e9 de contribuer \u00e0 la lutte contre le Covid-19.<\/p>\n<p>Le th\u00e8me du colloque est \u00ab L\u2019enseignement sup\u00e9rieur contribue \u00e0 r\u00e9duire les cons\u00e9quences de la pand\u00e9mie du civid-19 (mod\u00e8le de l\u2019Universit\u00e9 des sciences islamiques) \u00bb<\/p>\n<p>Le colloque comporte la pr\u00e9sentation d\u2019expos\u00e9s suivis de discussions sur les dimensions de la responsabilit\u00e9 individuelle et institutionnelle en mati\u00e8re de droit islamique et leurs d\u00e9clinaisons sur les situations de pand\u00e9mie et de risque pour la sant\u00e9 publique, et l\u2019obligation islamique d\u2019observer les mesures de pr\u00e9vention pour sa propre protection et celle de la soci\u00e9t\u00e9.<\/p>\n<p>Les participants ont \u00e9t\u00e9 unanimes sur l\u2019importance du r\u00f4le du corps professoral, du personnel acad\u00e9mique et des \u00e9tudiants de l\u2019Universit\u00e9 des sciences islamiques d\u2019Aioun dans les actions de sensibilisation des populations du Hodh Charghi \u00e0 la pand\u00e9mie de covid, aux risques li\u00e9s \u00e0 la contagion et aux mesures prophylactiques.<\/p>\n<p>L\u2019organisation de ce colloque fait suite aux d\u00e9cisions du gouvernement pour faire face \u00e0 la recrudescence sans pr\u00e9c\u00e9dent des cas de contamination enregistr\u00e9s ces derniers temps.<\/p>\n","protected":false},"excerpt":{"rendered":"<p>L\u2019Universit\u00e9 des Sciences islamiques a organis\u00e9, ce jeudi, un colloque intitul\u00e9 \u00ab Responsabilit\u00e9 des institutions \u00bb, ax\u00e9 sur la n\u00e9cessit\u00e9 de contribuer \u00e0 la lutte contre le Covid-19<\/p>\n","protected":false},"author":1,"featured_media":193595,"comment_status":"closed","ping_status":"closed","sticky":false,"template":"","format":"standard","meta":{"footnotes":""},"categories":[8672],"tags":[62483,63367],"class_list":["post-92053","post","type-post","status-publish","format-standard","has-post-thumbnail","hentry","category-8672","tag-aioun","tag-moctar"],"_links":{"self":[{"href":"https:\/\/ami.mr\/fr\/wp-json\/wp\/v2\/posts\/92053","targetHints":{"allow":["GET"]}}],"collection":[{"href":"https:\/\/ami.mr\/fr\/wp-json\/wp\/v2\/posts"}],"about":[{"href":"https:\/\/ami.mr\/fr\/wp-json\/wp\/v2\/types\/post"}],"author":[{"embeddable":true,"href":"https:\/\/ami.mr\/fr\/wp-json\/wp\/v2\/users\/1"}],"replies":[{"embeddable":true,"href":"https:\/\/ami.mr\/fr\/wp-json\/wp\/v2\/comments?post=92053"}],"version-history":[{"count":1,"href":"https:\/\/ami.mr\/fr\/wp-json\/wp\/v2\/posts\/92053\/revisions"}],"predecessor-version":[{"id":193594,"href":"https:\/\/ami.mr\/fr\/wp-json\/wp\/v2\/posts\/92053\/revisions\/193594"}],"wp:featuredmedia":[{"embeddable":true,"href":"https:\/\/ami.mr\/fr\/wp-json\/wp\/v2\/media\/193595"}],"wp:attachment":[{"href":"https:\/\/ami.mr\/fr\/wp-json\/wp\/v2\/media?parent=92053"}],"wp:term":[{"taxonomy":"category","embeddable":true,"href":"https:\/\/ami.mr\/fr\/wp-json\/wp\/v2\/categories?post=92053"},{"taxonomy":"post_tag","embeddable":true,"href":"https:\/\/ami.mr\/fr\/wp-json\/wp\/v2\/tags?post=92053"}],"curies":[{"name":"wp","href":"https:\/\/api.w.org\/{rel}","templated":true}]}}