{"id":91969,"date":"2021-12-29T11:23:29","date_gmt":"2021-12-29T11:23:29","guid":{"rendered":"http:\/\/192.168.64.2\/fr\/index.php\/2021\/12\/29\/le-president-de-la-republique-visite-la-grande-mosquee-dalger\/"},"modified":"2022-07-05T10:11:46","modified_gmt":"2022-07-05T10:11:46","slug":"le-president-de-la-republique-visite-la-grande-mosquee-dalger","status":"publish","type":"post","link":"https:\/\/ami.mr\/fr\/archives\/91969","title":{"rendered":"Le Pr\u00e9sident de la R\u00e9publique visite la Grande Mosqu\u00e9e d\u2019Alger"},"content":{"rendered":"<p>Son Excellence le Pr\u00e9sident de la R\u00e9publique, Monsieur Mohamed Ould Cheikh El Ghazouani, en visite d\u2019\u00c9tat actuellement en Alg\u00e9rie, s\u2019est rendu, ce mercredi matin, \u00e0 la mosqu\u00e9e d\u2019Alger, la troisi\u00e8me plus grande du genre au monde d\u2019Alg\u00e9rie situ\u00e9e dans la commune de Mohamedia.<\/p>\n<p>Son Excellence a visit\u00e9 les diff\u00e9rentes ailes de la Mosqu\u00e9e et a re\u00e7u des explications sur les techniques de construction de ce prestigieux \u00e9difice religieux construction, sa capacit\u00e9 d\u2019accueil et les installations scientifiques et culturelles qu\u2019il comporte.<\/p>\n<p>C\u2019est la plus grande mosqu\u00e9e en Alg\u00e9rie et en Afrique et la troisi\u00e8me plus grande au monde apr\u00e8s celles de la Mecque, d\u2019El Mesjid Ennebeoui \u00e0 M\u00e9dine et d\u2019Al-Ahram.<\/p>\n<p>La Grande Mosqu\u00e9e d\u2019Alger, d\u2019une superficie totale de plus de 27 hectares, est surplomb\u00e9e par le plus haut minaret au monde, mesurant 267 m\u00e8tres.<\/p>\n<p>En plus de sa cour ext\u00e9rieure, elle comprend un espace de r\u00e9ception, une salle de pri\u00e8re de deux hectares d\u2019une capacit\u00e9 de 120 000 fid\u00e8les et une \u00e9cole coranique d\u2019une capacit\u00e9 de 300 places et des centres culturels islamiques.<\/p>\n<p>La Grande Mosqu\u00e9e d\u2019Alger dispose \u00e9galement d\u2019une biblioth\u00e8que d\u2019une capacit\u00e9 de 2 000 places avec un million de livres, une salle de conf\u00e9rences, un mus\u00e9e d\u2019art et d\u2019histoire islamique et un centre de recherche en histoire alg\u00e9rienne.<\/p>\n<p>Elle abrite \u00e9galement un centre culturel construit sur une aire de 8000 m\u00e8tres carr\u00e9s d\u2019une capacit\u00e9 de 3 000 personnes.<\/p>\n<p>Ce joyau de l\u2019architecture arabo-musulmane comprend aussi des salles multim\u00e9dia, un si\u00e8ge administratif et un garage avec une capacit\u00e9 de stationnement de 4 000 voitures situ\u00e9es sur deux niveaux souterrains en plus d\u2019espaces verts et de commerces.<\/p>\n<p>Il contient \u00e9galement 12 b\u00e2timents s\u00e9par\u00e9s d\u2019une superficie estim\u00e9e \u00e0 environ un hectare avec une superficie non b\u00e2tie de 400 000 m\u00e8tres carr\u00e9s.<\/p>\n<p>La Grande Mosqu\u00e9e d\u2019Alger est \u00e9quip\u00e9e d\u2019un syst\u00e8me antisismique hautement efficace, capable d\u2019absorber plus de 70% de la force sismique sur l\u2019\u00e9chelle de Richter.<\/p>\n<p>Au cours de cette visite, le Pr\u00e9sident de la R\u00e9publique \u00e9tait accompagn\u00e9 du ministre alg\u00e9rien de l\u2019\u00c9nergie et des Mines, M. Mohamed Arghab, de l\u2019Ambassadeur de Mauritanie accr\u00e9dit\u00e9 en Alg\u00e9rie, de SEM. Weddady Ould Sidi Haiba, et des autres membres de la d\u00e9l\u00e9gation accompagnant Son Excellence.<\/p>\n","protected":false},"excerpt":{"rendered":"<p>Son Excellence le Pr\u00e9sident de la R\u00e9publique, Monsieur Mohamed Ould Cheikh El Ghazouani, en visite d\u2019\u00c9tat actuellement en Alg\u00e9rie, s\u2019est rendu, ce mercredi matin, \u00e0 la mosqu\u00e9e d\u2019Alger, la troisi\u00e8me plus grande du genre au monde d\u2019Alg\u00e9rie situ\u00e9e dans la commune de Mohamedia<\/p>\n","protected":false},"author":1,"featured_media":193442,"comment_status":"closed","ping_status":"closed","sticky":false,"template":"","format":"standard","meta":{"footnotes":""},"categories":[],"tags":[63991,62533,63707],"class_list":["post-91969","post","type-post","status-publish","format-standard","has-post-thumbnail","hentry","tag-activites-presidentielles","tag-alger","tag-m_minahne"],"_links":{"self":[{"href":"https:\/\/ami.mr\/fr\/wp-json\/wp\/v2\/posts\/91969","targetHints":{"allow":["GET"]}}],"collection":[{"href":"https:\/\/ami.mr\/fr\/wp-json\/wp\/v2\/posts"}],"about":[{"href":"https:\/\/ami.mr\/fr\/wp-json\/wp\/v2\/types\/post"}],"author":[{"embeddable":true,"href":"https:\/\/ami.mr\/fr\/wp-json\/wp\/v2\/users\/1"}],"replies":[{"embeddable":true,"href":"https:\/\/ami.mr\/fr\/wp-json\/wp\/v2\/comments?post=91969"}],"version-history":[{"count":1,"href":"https:\/\/ami.mr\/fr\/wp-json\/wp\/v2\/posts\/91969\/revisions"}],"predecessor-version":[{"id":193441,"href":"https:\/\/ami.mr\/fr\/wp-json\/wp\/v2\/posts\/91969\/revisions\/193441"}],"wp:featuredmedia":[{"embeddable":true,"href":"https:\/\/ami.mr\/fr\/wp-json\/wp\/v2\/media\/193442"}],"wp:attachment":[{"href":"https:\/\/ami.mr\/fr\/wp-json\/wp\/v2\/media?parent=91969"}],"wp:term":[{"taxonomy":"category","embeddable":true,"href":"https:\/\/ami.mr\/fr\/wp-json\/wp\/v2\/categories?post=91969"},{"taxonomy":"post_tag","embeddable":true,"href":"https:\/\/ami.mr\/fr\/wp-json\/wp\/v2\/tags?post=91969"}],"curies":[{"name":"wp","href":"https:\/\/api.w.org\/{rel}","templated":true}]}}