{"id":91906,"date":"2021-12-24T20:04:26","date_gmt":"2021-12-24T20:04:26","guid":{"rendered":"http:\/\/192.168.64.2\/fr\/index.php\/2021\/12\/24\/feu-yahya-ould-hamidoune-a-hisse-haut-le-drapeau-mauritanien-dans-les-domaines-des-sciences-ministre-de-lenseignement-superieur\/"},"modified":"2022-07-05T10:07:19","modified_gmt":"2022-07-05T10:07:19","slug":"feu-yahya-ould-hamidoune-a-hisse-haut-le-drapeau-mauritanien-dans-les-domaines-des-sciences-ministre-de-lenseignement-superieur","status":"publish","type":"post","link":"https:\/\/ami.mr\/fr\/archives\/91906","title":{"rendered":"Feu Yahya Ould Hamidoune a hiss\u00e9 haut le drapeau mauritanien dans les domaines des sciences (ministre de l&#8217;Enseignement sup\u00e9rieur)"},"content":{"rendered":"<p>\u00ab Feu Yahya Ould Hamidoune a hiss\u00e9 haut le drapeau mauritanien dans les domaines des sciences, de l&#8217;\u00e9ducation et de la recherche scientifique, a affirm\u00e9 la ministre de l&#8217;Enseignement Sup\u00e9rieur et de la Recherche Scientifique \u00bb.<\/p>\n<p>C\u2019est ce qu\u2019a d\u00e9clar\u00e9 la ministre de l\u2019Enseignement sup\u00e9rieur et de la Recherche scientifique, Mme Amal Sidi Cheikh Abdallahi , au cours de sa supervision hier jeudi \u00e0 Nouakchott, de la c\u00e9r\u00e9monie de proclamation des r\u00e9sultats et de distribution des prix du concours baptis\u00e9 du nom du d\u00e9funt.<\/p>\n<p>\u00ab Le choix de son nom pour ce prix \u00e9tait judicieux, eu \u00e9gard \u00e0 sa particularit\u00e9 de brillant savant mauritanien, d\u00e9c\u00e9d\u00e9 \u00e0 la fleur de l\u2019\u00e2ge, apr\u00e8s s&#8217;\u00eatre distingu\u00e9 dans le monde des math\u00e9matiques par son extraordinaire g\u00e9nie \u00bb, a-t-elle dit.<\/p>\n<p>Elle a f\u00e9licit\u00e9 et remerci\u00e9 \u00e9galement les membres de l\u2019Association Promath \u00ab d\u2019avoir donn\u00e9 \u00e0 ce prix le nom de l\u2019illustre savant mauritanien [qu\u2019Allah le Couvre de Sa Mis\u00e9ricorde], disparu pr\u00e9matur\u00e9ment, mais non sans avoir marqu\u00e9 la th\u00e9orie math\u00e9matique de l\u2019empreinte de son g\u00e9nie, portant haut le drapeau de notre pays dans les domaines des sciences, de l\u2019enseignement et de la recherche scientifique \u00bb<\/p>\n<p>Et d\u2019ajouter : \u00abl\u2019enseignement des math\u00e9matiques, l\u2019incitation des \u00e9tudiants \u00e0 les apprendre et la s\u00e9lection des meilleures d\u2019entre eux pour leur donner plus d&#8217;opportunit\u00e9s constituent un grand service rendu \u00e0 la Nation, et une action d\u2019utilit\u00e9 publique \u00bb que le d\u00e9partement poursuit, dans le cadre de ses \u00ab efforts visant \u00e0 concr\u00e9tiser l&#8217;int\u00e9r\u00eat que Son Excellence le Pr\u00e9sident de la R\u00e9publique, Monsieur Mohamed Ould Cheikh El-Ghazouani, porte \u00e0 l\u2019excellence de notre syst\u00e8me \u00e9ducatif, et \u00e0 l\u2019encouragement de nos \u00e9tudiants les plus brillants. \u00bb<\/p>\n<p>Et d\u2019assurer que le \u00ab d\u00e9partement poursuivra ses efforts dans ce sens, sous la supervision de Son Excellence le Premier Ministre, Monsieur Mohamed Ould Bilal. \u00bb.<\/p>\n<p>La ministre a remis, par la suite, le premier prix des Math\u00e9matique \u00e0 l\u2019\u00e9tudiant Yehdhih Aoufa Abdel Wedoud, de l\u2019\u00e9cole Polytechnique.<\/p>\n<p>Le pr\u00e9sident de l&#8217;Association pour la Promotion des Math\u00e9matiques en Mauritanie, M. Khomeini Ould Moulay Ali, a lou\u00e9 quant \u00e0 lui, dans son mot prononc\u00e9 \u00e0 cette occasion, la pr\u00e9sence de la ministre de l&#8217;Enseignement Sup\u00e9rieur et de la Recherche Scientifique \u00e0 la c\u00e9r\u00e9monie de proclamation des laur\u00e9ats du Prix Yahya Ould Hamidoune de Math\u00e9matiques et d\u2019Informatique.<\/p>\n<p>Il a qualifi\u00e9 sa supervision de l\u2019\u00e9v\u00e8nement de preuve attestant l\u2019int\u00e9r\u00eat accord\u00e9 par les hautes autorit\u00e9s du pays \u00e0 l\u2019am\u00e9lioration des connaissances des \u00e9tudiants dans le domaine des math\u00e9matiques et de l&#8217;informatique, \u00ab devenues une r\u00e9alit\u00e9 scientifique impos\u00e9e par les exigences de l&#8217;\u00e9poque \u00bb, a-t-il dit.<\/p>\n<p>\u00ab La distribution cons\u00e9cutive des r\u00e9compenses des onze \u00e9ditions de ce prix t\u00e9moigne de la fermet\u00e9 de poursuivre les objectifs et du suivi de la mission, dont l&#8217;association s\u2019est engag\u00e9e d\u2019honorer \u00bb, a-t-il ajout\u00e9.<\/p>\n<p>M. Ali a, \u00e9galement, not\u00e9 que le privil\u00e8ge de cette continuit\u00e9 revient en premier essor \u00e0 l\u2019appui apport\u00e9 par les partenaires de l&#8217;association et \u00e0 leur loyaut\u00e9 \u00e0 cette noble id\u00e9e, notamment des minist\u00e8re de l&#8217;Enseignement Sup\u00e9rieur et de la Recherche Scientifique d\u2019une part et de la Transition num\u00e9rique, de l\u2019Innovation et de la Modernisation de l\u2019Administration d\u2019autre part, en plus de la R\u00e9gion de Nouakchott, de l\u2019Agence nationale de la Recherche Scientifique et de l&#8217;Innovation et d\u2019autres soci\u00e9t\u00e9s mauritaniennes qui ont soutenu mat\u00e9riellement et moralement cette orientation.<\/p>\n","protected":false},"excerpt":{"rendered":"<p>\u00ab Feu Yahya Ould Hamidoune a hiss\u00e9 haut le drapeau mauritanien dans les domaines des sciences, de l&#8217;\u00e9ducation et de la recherche scientifique, a affirm\u00e9 la ministre de l&#8217;Enseignement Sup\u00e9rieur et de la Recherche Scientifique \u00bb<\/p>\n","protected":false},"author":1,"featured_media":193324,"comment_status":"closed","ping_status":"closed","sticky":false,"template":"","format":"standard","meta":{"footnotes":""},"categories":[],"tags":[63990,62476,63717],"class_list":["post-91906","post","type-post","status-publish","format-standard","has-post-thumbnail","hentry","tag-activites-gouvernementales","tag-nouakchott","tag-sbechire"],"_links":{"self":[{"href":"https:\/\/ami.mr\/fr\/wp-json\/wp\/v2\/posts\/91906","targetHints":{"allow":["GET"]}}],"collection":[{"href":"https:\/\/ami.mr\/fr\/wp-json\/wp\/v2\/posts"}],"about":[{"href":"https:\/\/ami.mr\/fr\/wp-json\/wp\/v2\/types\/post"}],"author":[{"embeddable":true,"href":"https:\/\/ami.mr\/fr\/wp-json\/wp\/v2\/users\/1"}],"replies":[{"embeddable":true,"href":"https:\/\/ami.mr\/fr\/wp-json\/wp\/v2\/comments?post=91906"}],"version-history":[{"count":1,"href":"https:\/\/ami.mr\/fr\/wp-json\/wp\/v2\/posts\/91906\/revisions"}],"predecessor-version":[{"id":193323,"href":"https:\/\/ami.mr\/fr\/wp-json\/wp\/v2\/posts\/91906\/revisions\/193323"}],"wp:featuredmedia":[{"embeddable":true,"href":"https:\/\/ami.mr\/fr\/wp-json\/wp\/v2\/media\/193324"}],"wp:attachment":[{"href":"https:\/\/ami.mr\/fr\/wp-json\/wp\/v2\/media?parent=91906"}],"wp:term":[{"taxonomy":"category","embeddable":true,"href":"https:\/\/ami.mr\/fr\/wp-json\/wp\/v2\/categories?post=91906"},{"taxonomy":"post_tag","embeddable":true,"href":"https:\/\/ami.mr\/fr\/wp-json\/wp\/v2\/tags?post=91906"}],"curies":[{"name":"wp","href":"https:\/\/api.w.org\/{rel}","templated":true}]}}