{"id":91107,"date":"2021-11-15T10:31:33","date_gmt":"2021-11-15T10:31:33","guid":{"rendered":"http:\/\/192.168.64.2\/fr\/index.php\/2021\/11\/15\/le-ministre-des-affaires-economiques-recoit-une-delegation-du-fonds-dabu-dhabi-pour-le-developpement\/"},"modified":"2022-07-05T09:16:19","modified_gmt":"2022-07-05T09:16:19","slug":"le-ministre-des-affaires-economiques-recoit-une-delegation-du-fonds-dabu-dhabi-pour-le-developpement","status":"publish","type":"post","link":"https:\/\/ami.mr\/fr\/archives\/91107","title":{"rendered":"Le ministre des Affaires \u00e9conomiques re\u00e7oit une d\u00e9l\u00e9gation du Fonds d&#8217;Abu Dhabi pour le d\u00e9veloppement"},"content":{"rendered":"<p>Le ministre des Affaires \u00c9conomiques et de la Promotion des Secteurs Productifs, M. Ousmane Mamoudou Kane, a re\u00e7u lundi matin \u00e0 Nouakchott, une d\u00e9l\u00e9gation du Fonds d&#8217;Abu Dhabi pour le D\u00e9veloppement conduite par M. Mohamed Hassan Al Hamdi, directeur des projets du d\u00e9partement des op\u00e9rations du Fonds.<\/p>\n<p>L\u2019entrevue a port\u00e9 sur les relations de coop\u00e9ration existant entre notre pays et cette institution financi\u00e8re et les moyens de la d\u00e9velopper.<\/p>\n<p>La rencontre s&#8217;est d\u00e9roul\u00e9e en pr\u00e9sence du secr\u00e9taire g\u00e9n\u00e9ral du minist\u00e8re des Affaires \u00c9conomiques et de la Promotion des Secteurs Productifs, M. Mohamed Moustapha Ould Abdi Ould Jiyid, et M. Mohamed Salem Ould El Nani, directeur g\u00e9n\u00e9ral des Financements et de la Coop\u00e9ration \u00e9conomique.<\/p>\n","protected":false},"excerpt":{"rendered":"<p>Le ministre des Affaires \u00c9conomiques et de la Promotion des Secteurs Productifs, M. Ousmane Mamoudou Kane, a re\u00e7u lundi matin \u00e0 Nouakchott, une d\u00e9l\u00e9gation du Fonds d&#8217;Abu Dhabi pour le D\u00e9veloppement conduite par M<\/p>\n","protected":false},"author":1,"featured_media":191852,"comment_status":"closed","ping_status":"closed","sticky":false,"template":"","format":"standard","meta":{"footnotes":""},"categories":[],"tags":[63990,62741,63725,62476],"class_list":["post-91107","post","type-post","status-publish","format-standard","has-post-thumbnail","hentry","tag-activites-gouvernementales","tag-khweira","tag-mariemeb","tag-nouakchott"],"_links":{"self":[{"href":"https:\/\/ami.mr\/fr\/wp-json\/wp\/v2\/posts\/91107","targetHints":{"allow":["GET"]}}],"collection":[{"href":"https:\/\/ami.mr\/fr\/wp-json\/wp\/v2\/posts"}],"about":[{"href":"https:\/\/ami.mr\/fr\/wp-json\/wp\/v2\/types\/post"}],"author":[{"embeddable":true,"href":"https:\/\/ami.mr\/fr\/wp-json\/wp\/v2\/users\/1"}],"replies":[{"embeddable":true,"href":"https:\/\/ami.mr\/fr\/wp-json\/wp\/v2\/comments?post=91107"}],"version-history":[{"count":1,"href":"https:\/\/ami.mr\/fr\/wp-json\/wp\/v2\/posts\/91107\/revisions"}],"predecessor-version":[{"id":191851,"href":"https:\/\/ami.mr\/fr\/wp-json\/wp\/v2\/posts\/91107\/revisions\/191851"}],"wp:featuredmedia":[{"embeddable":true,"href":"https:\/\/ami.mr\/fr\/wp-json\/wp\/v2\/media\/191852"}],"wp:attachment":[{"href":"https:\/\/ami.mr\/fr\/wp-json\/wp\/v2\/media?parent=91107"}],"wp:term":[{"taxonomy":"category","embeddable":true,"href":"https:\/\/ami.mr\/fr\/wp-json\/wp\/v2\/categories?post=91107"},{"taxonomy":"post_tag","embeddable":true,"href":"https:\/\/ami.mr\/fr\/wp-json\/wp\/v2\/tags?post=91107"}],"curies":[{"name":"wp","href":"https:\/\/api.w.org\/{rel}","templated":true}]}}