{"id":90993,"date":"2021-11-07T21:08:15","date_gmt":"2021-11-07T21:08:15","guid":{"rendered":"http:\/\/192.168.64.2\/fr\/index.php\/2021\/11\/07\/la-premiere-ambassadrice-extraordinaire-de-la-culture-pour-lalecso-salue-le-niveau-de-participation-arabe-au-forum-regional-pour-lautonomisation-des-femmes-creatives\/"},"modified":"2022-07-05T09:08:05","modified_gmt":"2022-07-05T09:08:05","slug":"la-premiere-ambassadrice-extraordinaire-de-la-culture-pour-lalecso-salue-le-niveau-de-participation-arabe-au-forum-regional-pour-lautonomisation-des-femmes-creatives","status":"publish","type":"post","link":"https:\/\/ami.mr\/fr\/archives\/90993","title":{"rendered":"La premi\u00e8re ambassadrice extraordinaire de la culture pour l\u2019ALECSO salue le niveau de participation arabe au forum r\u00e9gional pour l&#8217;autonomisation des femmes cr\u00e9atives"},"content":{"rendered":"<p>La premi\u00e8re ambassadrice extraordinaire de la culture pour l&#8217;ALECSO, Mme Cheikha Alyazia bent Nahyan ben Mubarak Al Nahyan, s\u2019est dite heureuse de la visite qu\u2019elle a effectu\u00e9e r\u00e9cemment en Mauritanie, en r\u00e9ponse \u00e0 une invitation de la premi\u00e8re Dame, Dr. Mariem Fadel Dah, pour participer au forum r\u00e9gional pour l&#8217;autonomisation des femmes cr\u00e9atives.<\/p>\n<p>Dans un entretien exclusif avec le journal chaab, dont la publication est pr\u00e9vue, demain, lundi, la premi\u00e8re ambassadrice extraordinaire de la culture a pr\u00e9cis\u00e9 que l\u2019organisation d\u2019un forum r\u00e9gional \u00e0 ce niveau de participation arabe renforce les liens fraternels et consolide les valeurs de notre h\u00e9ritage culturel arabe commun.<\/p>\n<p>Elle a mis en exergue le r\u00f4le de l\u2019\u00c9tat des \u00c9mirats arabes Unis dans la dynamique culturelle, sa vulgarisation et sa propulsion.<\/p>\n<p>Au sujet de sa pr\u00e9sence \u00e0 Nouakchott, Mme Cheikha Alyazia bent Nahyan ben Mubarak Al Nahyan a pr\u00e9cis\u00e9 qu\u2019il s\u2019agit de son premier d\u00e9placement apr\u00e8s sa nomination au poste d\u2019ambassadrice extraordinaire de la culture pour l&#8217;ALECSO. \u00ab Pour moi cette mission d\u00e9passe le stade protocolaire \u00e0 celui des charges. Elle aura une incidence sur l\u2019\u00e9l\u00e9vation du rythme de cr\u00e9ativit\u00e9 culturelle pour rehausser nos soci\u00e9t\u00e9s et renforcer nos h\u00e9ritages culturels authentiques \u00bb.<\/p>\n<p>Elle a d\u00e9clar\u00e9 que cet honneur sera pr\u00e9sent et influent dans les futurs travaux, participations, forums et performances, renfor\u00e7ant les capacit\u00e9s des femmes arabes et les aidant \u00e0 transmettre leur travail, car l&#8217;art est un message sublime.<\/p>\n<p>L\u2019ambassadrice extraordinaire de la culture a ajout\u00e9 que la production des travaux arabes communs constitue l\u2019un des objectifs pour lesquels nous devrons travailler comme le cas du film \u00ab Ethel \u00bb qui \u00e9tait projet\u00e9 en marge du forum, et qui marque une exp\u00e9rience importante associant la langue hassaniya et une histoire imaginaire.<\/p>\n<p>En r\u00e9ponse \u00e0 une question sur sa participation \u00e0 une exposition f\u00e9minine de l\u2019art plastique, l\u2019ambassadrice a d\u00e9clar\u00e9 avoir constat\u00e9 un succ\u00e8s \u00e9clatant et une cr\u00e9ativit\u00e9 de haut niveau. \u00ab Cela ne nous surprend pas, le peuple mauritanien est connu pour son g\u00e9nie cr\u00e9ateur et son originalit\u00e9. Il y a de beaux talents et des peintures que j&#8217;ai beaucoup appr\u00e9ci\u00e9es, j&#8217;esp\u00e8re qu&#8217;elles auront leur m\u00e9rite, et je souhaite que ces \u0153uvres se d\u00e9veloppent et se diffusent \u00bb.<\/p>\n<p>Elle a, \u00e9voqu\u00e9 la soci\u00e9t\u00e9 Enassi pour la production m\u00e9diatique qu\u2019elle a cr\u00e9\u00e9e en 2007, sous l\u2019\u00e9gide de Son Excellence Cheikh Nahyan Ben Mubareck Al Nehyan, et avec la participation de ses deux s\u0153urs Cheikha Aoussa et Cheikha Chemsa,<\/p>\n<p>L\u2019ambassadrice a, enfin, not\u00e9 qu\u2019elle constitue une entreprise nationale qui contribue au d\u00e9veloppement et le dynamisme de la cr\u00e9ativit\u00e9 artistique et culturelle, et encourage l\u2019invention et l\u2019innovation dans le domaine.<\/p>\n","protected":false},"excerpt":{"rendered":"<p>La premi\u00e8re ambassadrice extraordinaire de la culture pour l&#8217;ALECSO, Mme Cheikha Alyazia bent Nahyan ben Mubarak Al Nahyan, s\u2019est dite heureuse de la visite qu\u2019elle a effectu\u00e9e r\u00e9cemment en Mauritanie, en r\u00e9ponse \u00e0 une invitation de la premi\u00e8re Dame, Dr<\/p>\n","protected":false},"author":1,"featured_media":191637,"comment_status":"closed","ping_status":"closed","sticky":false,"template":"","format":"standard","meta":{"footnotes":""},"categories":[104],"tags":[63367,62476],"class_list":["post-90993","post","type-post","status-publish","format-standard","has-post-thumbnail","hentry","category-104","tag-moctar","tag-nouakchott"],"_links":{"self":[{"href":"https:\/\/ami.mr\/fr\/wp-json\/wp\/v2\/posts\/90993","targetHints":{"allow":["GET"]}}],"collection":[{"href":"https:\/\/ami.mr\/fr\/wp-json\/wp\/v2\/posts"}],"about":[{"href":"https:\/\/ami.mr\/fr\/wp-json\/wp\/v2\/types\/post"}],"author":[{"embeddable":true,"href":"https:\/\/ami.mr\/fr\/wp-json\/wp\/v2\/users\/1"}],"replies":[{"embeddable":true,"href":"https:\/\/ami.mr\/fr\/wp-json\/wp\/v2\/comments?post=90993"}],"version-history":[{"count":1,"href":"https:\/\/ami.mr\/fr\/wp-json\/wp\/v2\/posts\/90993\/revisions"}],"predecessor-version":[{"id":191636,"href":"https:\/\/ami.mr\/fr\/wp-json\/wp\/v2\/posts\/90993\/revisions\/191636"}],"wp:featuredmedia":[{"embeddable":true,"href":"https:\/\/ami.mr\/fr\/wp-json\/wp\/v2\/media\/191637"}],"wp:attachment":[{"href":"https:\/\/ami.mr\/fr\/wp-json\/wp\/v2\/media?parent=90993"}],"wp:term":[{"taxonomy":"category","embeddable":true,"href":"https:\/\/ami.mr\/fr\/wp-json\/wp\/v2\/categories?post=90993"},{"taxonomy":"post_tag","embeddable":true,"href":"https:\/\/ami.mr\/fr\/wp-json\/wp\/v2\/tags?post=90993"}],"curies":[{"name":"wp","href":"https:\/\/api.w.org\/{rel}","templated":true}]}}