{"id":90982,"date":"2021-11-06T21:08:17","date_gmt":"2021-11-06T21:08:17","guid":{"rendered":"http:\/\/192.168.64.2\/fr\/index.php\/2021\/11\/06\/le-wali-moucaid-du-brakna-presente-les-condoleances-du-president-de-la-republique-a-la-famille-ehel-cheikh-abdellahy\/"},"modified":"2022-07-05T09:07:28","modified_gmt":"2022-07-05T09:07:28","slug":"le-wali-moucaid-du-brakna-presente-les-condoleances-du-president-de-la-republique-a-la-famille-ehel-cheikh-abdellahy","status":"publish","type":"post","link":"https:\/\/ami.mr\/fr\/archives\/90982","title":{"rendered":"Le wali mou\u00e7aid du Brakna pr\u00e9sente les condol\u00e9ances du Pr\u00e9sident de la R\u00e9publique \u00e0 la famille Ehel Cheikh Abdellahy"},"content":{"rendered":"<p>Le wali moucaid du Brakna, M. Mohamed El Arbi Ould Mohameden a pr\u00e9sent\u00e9 samedi dans la localit\u00e9 de Lemden relevant de la moughataa d\u2019Aleg les condol\u00e9ances du Pr\u00e9sident de la R\u00e9publique, Son Excellence Monsieur Mohamed Ould Cheikh El Ghazouani \u00e0 la famille Ehel Cheikh Abdellahy, suite au d\u00e9c\u00e8s de cheikha Mint Ha\u00efbelti.<\/p>\n<p>Le wali mou\u00e7aid a exprim\u00e9 \u00e0 la famille les sinc\u00e8res condol\u00e9ances du Pr\u00e9sident de la R\u00e9publique et sa compassion, implorant ALLAH le Tout Puissant d&#8217;accueillir la disparue dans Son Saint Paradis et d\u2019inspirer les siens patience et pers\u00e9v\u00e9rance.<\/p>\n<p>Le porte-parole de la famille, M. Cheikh Sid\u2019El Moctar Ould Cheikh Abdellahy a remerci\u00e9 le Pr\u00e9sident de la R\u00e9publique pour ses condol\u00e9ances qui expriment son caract\u00e8re de noblesse et de vertu.<\/p>\n","protected":false},"excerpt":{"rendered":"<p>Le wali moucaid du Brakna, M. Mohamed El Arbi Ould Mohameden a pr\u00e9sent\u00e9 samedi dans la localit\u00e9 de Lemden relevant de la moughataa d\u2019Aleg les condol\u00e9ances du Pr\u00e9sident de la R\u00e9publique, Son Excellence Monsieur Mohamed Ould Cheikh El Ghazouani \u00e0 la famille Ehel Cheikh Abdellahy, suite au d\u00e9c\u00e8s de cheikha Mint Ha\u00efbelti<\/p>\n","protected":false},"author":1,"featured_media":0,"comment_status":"closed","ping_status":"closed","sticky":false,"template":"","format":"standard","meta":{"footnotes":""},"categories":[],"tags":[62481,63367,63996],"class_list":["post-90982","post","type-post","status-publish","format-standard","hentry","tag-aleg","tag-moctar","tag-societe"],"_links":{"self":[{"href":"https:\/\/ami.mr\/fr\/wp-json\/wp\/v2\/posts\/90982","targetHints":{"allow":["GET"]}}],"collection":[{"href":"https:\/\/ami.mr\/fr\/wp-json\/wp\/v2\/posts"}],"about":[{"href":"https:\/\/ami.mr\/fr\/wp-json\/wp\/v2\/types\/post"}],"author":[{"embeddable":true,"href":"https:\/\/ami.mr\/fr\/wp-json\/wp\/v2\/users\/1"}],"replies":[{"embeddable":true,"href":"https:\/\/ami.mr\/fr\/wp-json\/wp\/v2\/comments?post=90982"}],"version-history":[{"count":1,"href":"https:\/\/ami.mr\/fr\/wp-json\/wp\/v2\/posts\/90982\/revisions"}],"predecessor-version":[{"id":191617,"href":"https:\/\/ami.mr\/fr\/wp-json\/wp\/v2\/posts\/90982\/revisions\/191617"}],"wp:attachment":[{"href":"https:\/\/ami.mr\/fr\/wp-json\/wp\/v2\/media?parent=90982"}],"wp:term":[{"taxonomy":"category","embeddable":true,"href":"https:\/\/ami.mr\/fr\/wp-json\/wp\/v2\/categories?post=90982"},{"taxonomy":"post_tag","embeddable":true,"href":"https:\/\/ami.mr\/fr\/wp-json\/wp\/v2\/tags?post=90982"}],"curies":[{"name":"wp","href":"https:\/\/api.w.org\/{rel}","templated":true}]}}