{"id":90980,"date":"2021-11-06T16:37:11","date_gmt":"2021-11-06T16:37:11","guid":{"rendered":"http:\/\/192.168.64.2\/fr\/index.php\/2021\/11\/06\/le-ministre-de-la-culture-annonce-une-strategie-ambitieuse-nationale-a-lendroit-des-jeunes\/"},"modified":"2022-07-05T09:07:19","modified_gmt":"2022-07-05T09:07:19","slug":"le-ministre-de-la-culture-annonce-une-strategie-ambitieuse-nationale-a-lendroit-des-jeunes","status":"publish","type":"post","link":"https:\/\/ami.mr\/fr\/archives\/90980","title":{"rendered":"Le ministre de la culture annonce une strat\u00e9gie ambitieuse nationale \u00e0 l\u2019endroit des jeunes"},"content":{"rendered":"<p>\u00ab La jeunesse mauritanienne et le d\u00e9veloppement social : Enjeux et d\u00e9fis \u00bb, tel est le th\u00e8me du premier forum de Nouakchott sur la jeunesse, organis\u00e9 par le minist\u00e8re de la Culture, de la Jeunesse, des Sports et des Relations avec le Parlement (MCJSRP) et la Commission nationale pour l\u2019Education, la Culture et la Science (CNECS), dont les travaux ont d\u00e9but\u00e9, samedi, \u00e0 Nouakchott.<\/p>\n<p>Au total trois cent jeunes participent \u00e0 ces assises, dont cent huit venus des wilayas de l\u2019int\u00e9rieur, soit deux participants par moughataa, des repr\u00e9sentants des centres de d\u00e9cision, des d\u00e9partements minist\u00e9riels, des institutions constitutionnelles et des organisations de la soci\u00e9t\u00e9 civile.<\/p>\n<p>D\u2019une dur\u00e9e de deux jours, le forum a pour but de faire le diagnostic de la situation de la jeunesse mauritanienne, l\u2019\u00e9valuation de son action face aux d\u00e9fis et sa contribution au d\u00e9veloppement et \u00e0 l\u2019\u00e9panouissement de la soci\u00e9t\u00e9.<\/p>\n<p>La rencontre se penche, \u00e9galement, sur toutes les questions ayant trait aux besoins des jeunes, \u00e0 l\u2019exploitation de leurs capacit\u00e9s, \u00e0 l\u2019impulsion de leurs potentialit\u00e9s inventrices et \u00e0 la satisfaction de leur l\u00e9gitime ambition.<\/p>\n<p>Elle vise, \u00e9galement, l\u2019examen des voies et moyens permettant aux jeunes d\u2019int\u00e9grer toutes les composantes de la soci\u00e9t\u00e9 en vue d\u2019op\u00e9rer un d\u00e9veloppement social, de nouer un partenariat entre la Mauritanie et l\u2019Alecso et d\u2019\u00e9laborer une strat\u00e9gie nationale sp\u00e9cifique pour les jeunes, strat\u00e9gie inspir\u00e9e des conclusions du forum .<\/p>\n<p>Ouvrant la rencontre, le ministre de la Culture, de la Jeunesse, des Sports et des Relations avec le Parlement, Porte-parole du gouvernement, M. Moktar Ould Dahi, a annonc\u00e9 que son d\u00e9partement s\u2019att\u00e8le, avec le concours de ses partenaires, \u00e0 l\u2019\u00e9laboration d\u2019une ambitieuse strat\u00e9gie nationale destin\u00e9e \u00e0 relever les d\u00e9fis des jeunes, notamment l\u2019emploi et la promotion, strat\u00e9gie qui inclura aussi l\u2019institution des programmes de volontariat r\u00e9mun\u00e9r\u00e9, la construction de plusieurs espaces pour les jeunes, en plus des installations culturelles et sportives dans toutes les wilayas du pays.<\/p>\n<p>M. Dahi a, enfin, soulign\u00e9 que le pareil ex\u00e9cutif du Pr\u00e9sident de la R\u00e9publique, Monsieur Mohamed Ould Cheikh El Ghazouani, est convaincu de l\u2019importance de l\u2019investissement dans la jeunesse, seule force capable de surmonter les obstacles du d\u00e9veloppement. \u00ab Ces deux derni\u00e8res ann\u00e9es ont vu la mobilisation importantes ressources publiques, et l\u2019institution de nouveaux programmes et projets en direction de cette frange. Nous comptons sur vous pour l\u2019intensification des efforts ces trois prochaines ann\u00e9es pour l\u2019ach\u00e8vement le volet jeunesse du programme du Pr\u00e9sident de la R\u00e9publique, Monsieur Mohamed Ould Cheikh El Ghazouani \u00bb.<\/p>\n<p>Pour sa part, le directeur g\u00e9n\u00e9ral de l\u2019ALECSO, M. Mohamed Ould Amar, a soulign\u00e9 le r\u00f4le important des jeunes dans l\u2019\u00e9mancipation des soci\u00e9t\u00e9s, compte-tenu de leur dynamisme et de leur vivacit\u00e9.<\/p>\n<p>Il a, \u00e9galement, salu\u00e9 le parrainage du forum par le Pr\u00e9sident de la R\u00e9publique, acte fort qui illustre l\u2019int\u00e9r\u00eat qu\u2019accorde Son Excellence \u00e0 la jeunesse.<\/p>\n<p>Pour sa part, la directrice r\u00e9gional de l\u2019UNESCO \u00e0 Rabat, Mme Sana Alam, a pr\u00e9cis\u00e9 que la jeunesse a largement b\u00e9n\u00e9fici\u00e9 des programmes de son organisation dans le but de garantir leur participation \u00e0 tout ce qui est de nature \u00e0 renforcer la paix et la s\u00e9curit\u00e9.<\/p>\n<p>Le directeur g\u00e9n\u00e9ral de de l\u2019institut International pour la Paix, Neji El voureiji, a appel\u00e9 \u00e0 la compl\u00e9mentarit\u00e9 r\u00e9gional, \u00e0 travers la culture et la jeunesse.<\/p>\n<p>De son c\u00f4t\u00e9, le maire de Tevagh-Zeina, M.Taleb Ould Maghjoub, a souhait\u00e9 la bienvenue aux participants et mis en exergue le leadership des jeunes et la contribution active des jeunes au d\u00e9veloppement.<\/p>\n","protected":false},"excerpt":{"rendered":"<p>\u00ab La jeunesse mauritanienne et le d\u00e9veloppement social : Enjeux et d\u00e9fis \u00bb, tel est le th\u00e8me du premier forum de Nouakchott sur la jeunesse, organis\u00e9 par le minist\u00e8re de la Culture, de la Jeunesse, des Sports et des Relations avec le Parlement (MCJSRP) et la Commission nationale pour l\u2019Education, la Culture et la Science (CNECS), dont les travaux ont d\u00e9but\u00e9, samedi, \u00e0 Nouakchott<\/p>\n","protected":false},"author":1,"featured_media":191614,"comment_status":"closed","ping_status":"closed","sticky":false,"template":"","format":"standard","meta":{"footnotes":""},"categories":[],"tags":[63990,63367,62476],"class_list":["post-90980","post","type-post","status-publish","format-standard","has-post-thumbnail","hentry","tag-activites-gouvernementales","tag-moctar","tag-nouakchott"],"_links":{"self":[{"href":"https:\/\/ami.mr\/fr\/wp-json\/wp\/v2\/posts\/90980","targetHints":{"allow":["GET"]}}],"collection":[{"href":"https:\/\/ami.mr\/fr\/wp-json\/wp\/v2\/posts"}],"about":[{"href":"https:\/\/ami.mr\/fr\/wp-json\/wp\/v2\/types\/post"}],"author":[{"embeddable":true,"href":"https:\/\/ami.mr\/fr\/wp-json\/wp\/v2\/users\/1"}],"replies":[{"embeddable":true,"href":"https:\/\/ami.mr\/fr\/wp-json\/wp\/v2\/comments?post=90980"}],"version-history":[{"count":1,"href":"https:\/\/ami.mr\/fr\/wp-json\/wp\/v2\/posts\/90980\/revisions"}],"predecessor-version":[{"id":191613,"href":"https:\/\/ami.mr\/fr\/wp-json\/wp\/v2\/posts\/90980\/revisions\/191613"}],"wp:featuredmedia":[{"embeddable":true,"href":"https:\/\/ami.mr\/fr\/wp-json\/wp\/v2\/media\/191614"}],"wp:attachment":[{"href":"https:\/\/ami.mr\/fr\/wp-json\/wp\/v2\/media?parent=90980"}],"wp:term":[{"taxonomy":"category","embeddable":true,"href":"https:\/\/ami.mr\/fr\/wp-json\/wp\/v2\/categories?post=90980"},{"taxonomy":"post_tag","embeddable":true,"href":"https:\/\/ami.mr\/fr\/wp-json\/wp\/v2\/tags?post=90980"}],"curies":[{"name":"wp","href":"https:\/\/api.w.org\/{rel}","templated":true}]}}