{"id":90961,"date":"2021-11-04T19:02:10","date_gmt":"2021-11-04T19:02:10","guid":{"rendered":"http:\/\/192.168.64.2\/fr\/index.php\/2021\/11\/04\/hodh-el-gharbi-organisation-dun-atelier-sur-la-strategie-de-croissance-acceleree-et-de-prosperite-partagee\/"},"modified":"2022-07-05T09:06:04","modified_gmt":"2022-07-05T09:06:04","slug":"hodh-el-gharbi-organisation-dun-atelier-sur-la-strategie-de-croissance-acceleree-et-de-prosperite-partagee","status":"publish","type":"post","link":"https:\/\/ami.mr\/fr\/archives\/90961","title":{"rendered":"Hodh El Gharbi : Organisation d&#8217;un atelier sur la strat\u00e9gie de croissance acc\u00e9l\u00e9r\u00e9e et de prosp\u00e9rit\u00e9 partag\u00e9e"},"content":{"rendered":"<p>Les travaux d&#8217;un atelier sur la strat\u00e9gie de croissance acc\u00e9l\u00e9r\u00e9e et de prosp\u00e9rit\u00e9 partag\u00e9e au niveau de la wilaya du Hodh El Gharbi ont d\u00e9but\u00e9 ce jeudi \u00e0 A\u00efoun.<\/p>\n<p>Cet atelier, auquel participent les autorit\u00e9s administratives, les chefs de services r\u00e9gionaux, les \u00e9lus et les repr\u00e9sentants des partenaires au d\u00e9veloppement, vise \u00e0 discuter d&#8217;un cadre appropri\u00e9 pour d\u00e9finir des objectifs r\u00e9gionaux pour acc\u00e9l\u00e9rer la croissance et am\u00e9liorer les conditions de vie de la population. Il s\u2019agit d\u2019\u00e9laborer une strat\u00e9gie pour le Hodh El Gharbi qui tienne compte du potentiel \u00e9conomique de la wilaya, mobilise le capital humain et les ressources et pose les bases solides d&#8217;une bonne gouvernance pour un d\u00e9veloppement, inclusif, int\u00e9gr\u00e9, harmonieux et durable.<\/p>\n<p>Ouvrant les travaux de l\u2019atelier, le secr\u00e9taire g\u00e9n\u00e9ral du minist\u00e8re des Affaires \u00e9conomiques et de la Promotion des Secteurs productifs, M. Mohamed Moustapha, dit Adoum Ould Abdi Ould Jiyid, a soulign\u00e9 que son d\u00e9partement a mis en place d\u00e8s les premiers instants une \u00e9troite collaboration avec les secteurs concern\u00e9s, pour \u00e9laborer de mani\u00e8re participative cette strat\u00e9gie. Il s\u2019est, \u00e9galement, concert\u00e9 avec tous les acteurs locaux, les autorit\u00e9s administratives, les services r\u00e9gionaux, les \u00e9lues, le secteur priv\u00e9, la soci\u00e9t\u00e9 civile et tous les partenaires au d\u00e9veloppement. Il a d\u00e9lib\u00e9r\u00e9ment choisi cette approche qui consacre l\u2019orientation des pouvoirs publics de promouvoir la d\u00e9centralisation et le d\u00e9veloppement local et acc\u00e9l\u00e9rer la r\u00e9alisation des objectifs de d\u00e9veloppement durable.<\/p>\n<p>Il a ajout\u00e9 que le d\u00e9veloppement du Hodh El Gharbi sera principalement assur\u00e9 par les secteurs de l\u2019\u00e9levage, de l&#8217;agriculture, du tourisme, de l\u2019informel, du commerce transfrontalier, et de la valorisation des produits et mat\u00e9riaux locaux. Le secr\u00e9taire g\u00e9n\u00e9ral a fait remarquer que les caract\u00e9ristiques de la wilaya, sa position g\u00e9ographique, ses ressources naturelles et son potentiel \u00e9conomique sont autant d\u2019atout pour son d\u00e9veloppement.<\/p>\n<p>Adoum Ould Abdi Ould Jiyid, a indiqu\u00e9 que le d\u00e9fi de la pauvret\u00e9 dans la wilaya et les obstacles au d\u00e9veloppement qui y sont associ\u00e9s entravent la r\u00e9alisation des objectifs de d\u00e9veloppement durable \u00e0 l&#8217;horizon 2030, pr\u00e9cisant que la derni\u00e8re enqu\u00eate 2019-2020 sur les conditions de vie des m\u00e9nages conduite par le d\u00e9partement des affaires \u00e9conomiques r\u00e9v\u00e8le que le taux de pauvret\u00e9 au Hodh El Gharbi est de 34,2 %, d\u00e9passant le taux de pauvret\u00e9 national qui est de 28,2.<\/p>\n<p>A son tour, le wali du Hodh El Gharbi, M. Mohamed El Mokhtar Ould Abdi, a soulign\u00e9 la n\u00e9cessit\u00e9 d&#8217;une interaction positive entre les services r\u00e9gionaux et les \u00e9lus au service du d\u00e9veloppement sur la base des principes de d\u00e9centralisation que le gouvernement entend incarner comme une r\u00e9alit\u00e9 tangible avec des r\u00e9sultats positifs.<\/p>\n<p>Pour sa part, le chef de la r\u00e9gion du Hodh El Gharbi, M. Khattar Ould Cheikh Ahmed, a insist\u00e9 sur l&#8217;importance de prendre en compte les observations, propositions et recommandations qui seront faites au cours de l\u2019atelier pour parvenir \u00e0 des r\u00e9sultats qui contribuent efficacement au d\u00e9veloppement de la wilaya.<\/p>\n<p>Pour sa part, le maire de la Commune d\u2019A\u00efoun, M. Di\u00e9 Ould Dy, a appel\u00e9 les participants \u00e0 se concentrer sur les aspects fondamentaux sur lesquels pourrait se construire une strat\u00e9gie de d\u00e9veloppement dont les r\u00e9sultats seront garantis<\/p>\n","protected":false},"excerpt":{"rendered":"<p>Les travaux d&#8217;un atelier sur la strat\u00e9gie de croissance acc\u00e9l\u00e9r\u00e9e et de prosp\u00e9rit\u00e9 partag\u00e9e au niveau de la wilaya du Hodh El Gharbi ont d\u00e9but\u00e9 ce jeudi \u00e0 A\u00efoun.<\/p>\n<p>Cet<\/p>\n","protected":false},"author":1,"featured_media":191577,"comment_status":"closed","ping_status":"closed","sticky":false,"template":"","format":"standard","meta":{"footnotes":""},"categories":[8672],"tags":[62483,63478],"class_list":["post-90961","post","type-post","status-publish","format-standard","has-post-thumbnail","hentry","category-8672","tag-aioun","tag-syde"],"_links":{"self":[{"href":"https:\/\/ami.mr\/fr\/wp-json\/wp\/v2\/posts\/90961","targetHints":{"allow":["GET"]}}],"collection":[{"href":"https:\/\/ami.mr\/fr\/wp-json\/wp\/v2\/posts"}],"about":[{"href":"https:\/\/ami.mr\/fr\/wp-json\/wp\/v2\/types\/post"}],"author":[{"embeddable":true,"href":"https:\/\/ami.mr\/fr\/wp-json\/wp\/v2\/users\/1"}],"replies":[{"embeddable":true,"href":"https:\/\/ami.mr\/fr\/wp-json\/wp\/v2\/comments?post=90961"}],"version-history":[{"count":1,"href":"https:\/\/ami.mr\/fr\/wp-json\/wp\/v2\/posts\/90961\/revisions"}],"predecessor-version":[{"id":191576,"href":"https:\/\/ami.mr\/fr\/wp-json\/wp\/v2\/posts\/90961\/revisions\/191576"}],"wp:featuredmedia":[{"embeddable":true,"href":"https:\/\/ami.mr\/fr\/wp-json\/wp\/v2\/media\/191577"}],"wp:attachment":[{"href":"https:\/\/ami.mr\/fr\/wp-json\/wp\/v2\/media?parent=90961"}],"wp:term":[{"taxonomy":"category","embeddable":true,"href":"https:\/\/ami.mr\/fr\/wp-json\/wp\/v2\/categories?post=90961"},{"taxonomy":"post_tag","embeddable":true,"href":"https:\/\/ami.mr\/fr\/wp-json\/wp\/v2\/tags?post=90961"}],"curies":[{"name":"wp","href":"https:\/\/api.w.org\/{rel}","templated":true}]}}