{"id":90953,"date":"2021-11-05T17:51:45","date_gmt":"2021-11-05T17:51:45","guid":{"rendered":"http:\/\/192.168.64.2\/fr\/index.php\/2021\/11\/05\/quelque-10600-jeunes-mobilises-dans-le-cadre-du-programme-national-de-volontariat\/"},"modified":"2022-07-05T09:05:30","modified_gmt":"2022-07-05T09:05:30","slug":"quelque-10600-jeunes-mobilises-dans-le-cadre-du-programme-national-de-volontariat","status":"publish","type":"post","link":"https:\/\/ami.mr\/fr\/archives\/90953","title":{"rendered":"Quelque 10600 jeunes mobilis\u00e9s dans le cadre du programme national de volontariat"},"content":{"rendered":"<p>Un programme national de volontariat pour le d\u00e9veloppement durable en Mauritanie a \u00e9t\u00e9 lanc\u00e9, vendredi \u00e0 Nouakchott, par le ministre de la Culture, de la jeunesse, des Sports et des Relations avec le Parlement, porte-parole du gouvernement, M. Moktar Ould Dahy.<\/p>\n<p>Le programme se fixe comme objectifs d\u2019enraciner la culture du volontariat au sein de la soci\u00e9t\u00e9, d\u2019\u00e9lever les valeurs de citoyennet\u00e9 et d\u2019impliquer les jeunes dans le d\u00e9veloppement, la prosp\u00e9rit\u00e9 et le progr\u00e8s de la Mauritanie.<\/p>\n<p>Ce programme va \u00e9tablir aussi un cadre juridique qui r\u00e9glemente le domaine du volontariat en cr\u00e9ant une loi qui r\u00e9git et r\u00e9glemente le travail b\u00e9n\u00e9vole et cherche \u00e0 l\u2019encadrer. Il mettra en place un organe administratif qui supervisera l\u2019organisation du champ associatif et travaillera \u00e0 son d\u00e9veloppement.<\/p>\n<p>Le programme, d\u2019une dur\u00e9e de 4 ans, mobilisera 10600 jeunes dont 50 % de filles pour les impliquer dans le d\u00e9veloppement durable afin de faciliter l\u2019acc\u00e8s des populations de tous les milieux aux besoins de base.<\/p>\n<p>Il vise \u00e9galement \u00e0 tenir les jeunes \u00e0 l\u2019\u00e9cart des dangers de l\u2019extr\u00e9misme, de la d\u00e9viation et du crime, de d\u00e9velopper une culture de paix, de tol\u00e9rance et de valeur citoyenne ainsi que la prise en charge des groupes vuln\u00e9rables en vue soutenir leur acc\u00e8s aux services de base.<\/p>\n<p>Dans le discours qu\u2019il a prononc\u00e9 lors de la c\u00e9r\u00e9monie de lancement, le ministre a d\u00e9clar\u00e9 que ce programme, con\u00e7u par le gouvernement avec la collaboration de ses partenaires, contribuera \u00e0 la r\u00e9alisation des objectifs de d\u00e9veloppement durable et mobilisera une compensation financi\u00e8re pour aider les jeunes \u00e0 mener \u00e0 bien leurs t\u00e2ches avant de les inviter \u00e0 faire de ce projet, par leur volont\u00e9 et l\u2019excellence des taches qu\u2019ils m\u00e8neront, une opportunit\u00e9 d\u2019emploi semi-permanent.<\/p>\n<p>Le ministre a r\u00e9v\u00e9l\u00e9 que ce programme est le fruit d\u2019un partenariat strat\u00e9gique entre son d\u00e9partement et le PNUD pour r\u00e9aliser des objectifs communs tels que la diffusion des valeurs de citoyennet\u00e9, de tol\u00e9rance, de coexistence pacifique et d\u2019acc\u00e9l\u00e9ration du rythme de d\u00e9veloppement, soulignant son d\u00e9sir de r\u00e9soudre tous les probl\u00e8mes afin d\u2019atteindre les objectifs vis\u00e9s.<\/p>\n<p>M. Moktar Ould Dahi a affirm\u00e9 l\u2019importance qu\u2019accorde le programme du Pr\u00e9sident de la R\u00e9publique, Son Excellence Monsieur Mohamed Ould Cheikh El Ghazouani \u00e0 l\u2019action sociale et \u00e0 la jeunesse, comme en t\u00e9moigne, a-t-il dit, la mise en \u0153uvre de nombreux programmes en leur faveur. Il a cit\u00e9, \u00e0 titre d\u2019exemple les ressources que l\u2019\u00c9tat a mis \u00e0 la disposition de Taazour pour r\u00e9aliser ses objectifs.<\/p>\n<p>M. Moktar Ould Dahi a, enfin, exprim\u00e9 la disponibilit\u00e9 de son d\u00e9partement de coop\u00e9rer avec ses partenaires au d\u00e9veloppement pour atteindre ensemble les objectifs de ce programme.<\/p>\n<p>De son c\u00f4t\u00e9, le repr\u00e9sentant r\u00e9sident du PNUD, M. Anthony Ngororano a affirm\u00e9 que le programme r\u00e9pond directement \u00e0 la priorit\u00e9 nationale d\u2019instituer un service civil volontaire d\u00e9nomm\u00e9 &#8220;Watanouna&#8221;, qui est une partie int\u00e9grante du programme du Pr\u00e9sident de la R\u00e9publique, soulignant que l\u2019adh\u00e9sion de la Mauritanie \u00e0 l\u2019initiative YouthConnekt vise \u00e0 offrir aux jeunes l\u2019espace n\u00e9cessaire pour s\u2019exprimer et \u00e9changer avec les autres composantes socio-\u00e9conomiques pour une contribution optimale au d\u00e9veloppement du pays.<\/p>\n<p>Il a pr\u00e9cis\u00e9 que la strat\u00e9gie nationale de croissance acc\u00e9l\u00e9r\u00e9e et de prosp\u00e9rit\u00e9 partag\u00e9e (SCAPP) apporte des solutions p\u00e9rennes visant l\u2019autonomisation des jeunes avant d\u2019assurer que les volontaires locaux jouent un r\u00f4le crucial dans la concr\u00e9tisation de l\u2019engagement des Nations Unies de &#8220;ne laisser personne pour compte&#8221; .<\/p>\n<p>M. Anthony Ngororano a r\u00e9it\u00e9r\u00e9 enfin l\u2019engagement permanent du PNUD \u00e0 continuer \u00e0 appuyer le gouvernement mauritanien dans ses efforts de d\u00e9veloppement socio-\u00e9conomique du pays.<\/p>\n","protected":false},"excerpt":{"rendered":"<p>Un programme national de volontariat pour le d\u00e9veloppement durable en Mauritanie a \u00e9t\u00e9 lanc\u00e9, vendredi \u00e0 Nouakchott, par le ministre de la Culture, de la jeunesse, des Sports et des Relations avec le Parlement, porte-parole du gouvernement, M<\/p>\n","protected":false},"author":1,"featured_media":191561,"comment_status":"closed","ping_status":"closed","sticky":false,"template":"","format":"standard","meta":{"footnotes":""},"categories":[],"tags":[63990,62476,63478],"class_list":["post-90953","post","type-post","status-publish","format-standard","has-post-thumbnail","hentry","tag-activites-gouvernementales","tag-nouakchott","tag-syde"],"_links":{"self":[{"href":"https:\/\/ami.mr\/fr\/wp-json\/wp\/v2\/posts\/90953","targetHints":{"allow":["GET"]}}],"collection":[{"href":"https:\/\/ami.mr\/fr\/wp-json\/wp\/v2\/posts"}],"about":[{"href":"https:\/\/ami.mr\/fr\/wp-json\/wp\/v2\/types\/post"}],"author":[{"embeddable":true,"href":"https:\/\/ami.mr\/fr\/wp-json\/wp\/v2\/users\/1"}],"replies":[{"embeddable":true,"href":"https:\/\/ami.mr\/fr\/wp-json\/wp\/v2\/comments?post=90953"}],"version-history":[{"count":1,"href":"https:\/\/ami.mr\/fr\/wp-json\/wp\/v2\/posts\/90953\/revisions"}],"predecessor-version":[{"id":191560,"href":"https:\/\/ami.mr\/fr\/wp-json\/wp\/v2\/posts\/90953\/revisions\/191560"}],"wp:featuredmedia":[{"embeddable":true,"href":"https:\/\/ami.mr\/fr\/wp-json\/wp\/v2\/media\/191561"}],"wp:attachment":[{"href":"https:\/\/ami.mr\/fr\/wp-json\/wp\/v2\/media?parent=90953"}],"wp:term":[{"taxonomy":"category","embeddable":true,"href":"https:\/\/ami.mr\/fr\/wp-json\/wp\/v2\/categories?post=90953"},{"taxonomy":"post_tag","embeddable":true,"href":"https:\/\/ami.mr\/fr\/wp-json\/wp\/v2\/tags?post=90953"}],"curies":[{"name":"wp","href":"https:\/\/api.w.org\/{rel}","templated":true}]}}