{"id":90952,"date":"2021-11-04T12:53:58","date_gmt":"2021-11-04T12:53:58","guid":{"rendered":"http:\/\/192.168.64.2\/fr\/index.php\/2021\/11\/04\/le-ministre-de-leducation-nationale-recoit-lambassadeur-chef-de-la-mission-de-lue\/"},"modified":"2022-07-05T09:05:26","modified_gmt":"2022-07-05T09:05:26","slug":"le-ministre-de-leducation-nationale-recoit-lambassadeur-chef-de-la-mission-de-lue","status":"publish","type":"post","link":"https:\/\/ami.mr\/fr\/archives\/90952","title":{"rendered":"Le ministre de l\u2019\u00c9ducation nationale re\u00e7oit l&#8217;ambassadeur, chef de la mission de l&#8217;UE"},"content":{"rendered":"<p>Le Ministre de l\u2019\u00c9ducation nationale et de la R\u00e9forme du Syst\u00e8me \u00e9ducatif, M. Mohamed Melainine Ould Eyih, a re\u00e7u aujourd&#8217;hui, jeudi, \u00e0 Nouakchott, l&#8217;ambassadeur de l&#8217;Union Europ\u00e9enne accr\u00e9dit\u00e9 aupr\u00e8s de Mauritanie, SEM. Jones Guilym.<\/p>\n<p>Au cours de la rencontre, les relations de coop\u00e9ration entre la Mauritanie et cette instance europ\u00e9enne ont \u00e9t\u00e9 pass\u00e9es en revue, notamment dans les domaines li\u00e9s \u00e0 l&#8217;\u00e9ducation.<\/p>\n<p>La rencontre s&#8217;est d\u00e9roul\u00e9e en pr\u00e9sence du secr\u00e9taire g\u00e9n\u00e9ral du minist\u00e8re, Ali Silly Soumar\u00e9.<\/p>\n","protected":false},"excerpt":{"rendered":"<p>Le Ministre de l\u2019\u00c9ducation nationale et de la R\u00e9forme du Syst\u00e8me \u00e9ducatif, M. Mohamed Melainine Ould Eyih, a re\u00e7u aujourd&#8217;hui, jeudi, \u00e0 Nouakchott, l&#8217;ambassadeur de l&#8217;Union Europ\u00e9enne accr\u00e9dit\u00e9 aupr\u00e8s de Mauritanie, SEM<\/p>\n","protected":false},"author":1,"featured_media":191559,"comment_status":"closed","ping_status":"closed","sticky":false,"template":"","format":"standard","meta":{"footnotes":""},"categories":[],"tags":[63990,63745,63725,62476],"class_list":["post-90952","post","type-post","status-publish","format-standard","has-post-thumbnail","hentry","tag-activites-gouvernementales","tag-jemal","tag-mariemeb","tag-nouakchott"],"_links":{"self":[{"href":"https:\/\/ami.mr\/fr\/wp-json\/wp\/v2\/posts\/90952","targetHints":{"allow":["GET"]}}],"collection":[{"href":"https:\/\/ami.mr\/fr\/wp-json\/wp\/v2\/posts"}],"about":[{"href":"https:\/\/ami.mr\/fr\/wp-json\/wp\/v2\/types\/post"}],"author":[{"embeddable":true,"href":"https:\/\/ami.mr\/fr\/wp-json\/wp\/v2\/users\/1"}],"replies":[{"embeddable":true,"href":"https:\/\/ami.mr\/fr\/wp-json\/wp\/v2\/comments?post=90952"}],"version-history":[{"count":1,"href":"https:\/\/ami.mr\/fr\/wp-json\/wp\/v2\/posts\/90952\/revisions"}],"predecessor-version":[{"id":191558,"href":"https:\/\/ami.mr\/fr\/wp-json\/wp\/v2\/posts\/90952\/revisions\/191558"}],"wp:featuredmedia":[{"embeddable":true,"href":"https:\/\/ami.mr\/fr\/wp-json\/wp\/v2\/media\/191559"}],"wp:attachment":[{"href":"https:\/\/ami.mr\/fr\/wp-json\/wp\/v2\/media?parent=90952"}],"wp:term":[{"taxonomy":"category","embeddable":true,"href":"https:\/\/ami.mr\/fr\/wp-json\/wp\/v2\/categories?post=90952"},{"taxonomy":"post_tag","embeddable":true,"href":"https:\/\/ami.mr\/fr\/wp-json\/wp\/v2\/tags?post=90952"}],"curies":[{"name":"wp","href":"https:\/\/api.w.org\/{rel}","templated":true}]}}