{"id":90951,"date":"2021-11-04T12:40:57","date_gmt":"2021-11-04T12:40:57","guid":{"rendered":"http:\/\/192.168.64.2\/fr\/index.php\/2021\/11\/04\/le-ministre-de-la-defense-nationale-sentretient-avec-lambassadeur-sud-africain\/"},"modified":"2022-07-05T09:05:26","modified_gmt":"2022-07-05T09:05:26","slug":"le-ministre-de-la-defense-nationale-sentretient-avec-lambassadeur-sud-africain","status":"publish","type":"post","link":"https:\/\/ami.mr\/fr\/archives\/90951","title":{"rendered":"Le ministre de la D\u00e9fense nationale s&#8217;entretient avec l&#8217;ambassadeur sud-africain"},"content":{"rendered":"<p>Le ministre de la D\u00e9fense nationale, M. Hanana Ould Sidi, s&#8217;est entretenu, ce jeudi matin dans son bureau au si\u00e8ge du minist\u00e8re avec l&#8217;ambassadeur de la R\u00e9publique d&#8217;Afrique du Sud dans notre pays, Son Excellence M. Peter Goosen.<\/p>\n<p>La rencontre, qui s&#8217;est d\u00e9roul\u00e9e en pr\u00e9sence de Cheikh Diallo, secr\u00e9taire g\u00e9n\u00e9ral du minist\u00e8re de la D\u00e9fense nationale, a port\u00e9 sur les relations de coop\u00e9ration existantes entre les deux pays fr\u00e8res et les moyens de les renforcer, particuli\u00e8rement dans le domaine de la d\u00e9fense.<\/p>\n","protected":false},"excerpt":{"rendered":"<p>Le ministre de la D\u00e9fense nationale, M. Hanana Ould Sidi, s&#8217;est entretenu, ce jeudi matin dans son bureau au si\u00e8ge du minist\u00e8re avec l&#8217;ambassadeur de la R\u00e9publique d&#8217;Afrique du Sud dans notre pays, Son Excellence M<\/p>\n","protected":false},"author":1,"featured_media":0,"comment_status":"closed","ping_status":"closed","sticky":false,"template":"","format":"standard","meta":{"footnotes":""},"categories":[],"tags":[63990,63707,63725,62476],"class_list":["post-90951","post","type-post","status-publish","format-standard","hentry","tag-activites-gouvernementales","tag-m_minahne","tag-mariemeb","tag-nouakchott"],"_links":{"self":[{"href":"https:\/\/ami.mr\/fr\/wp-json\/wp\/v2\/posts\/90951","targetHints":{"allow":["GET"]}}],"collection":[{"href":"https:\/\/ami.mr\/fr\/wp-json\/wp\/v2\/posts"}],"about":[{"href":"https:\/\/ami.mr\/fr\/wp-json\/wp\/v2\/types\/post"}],"author":[{"embeddable":true,"href":"https:\/\/ami.mr\/fr\/wp-json\/wp\/v2\/users\/1"}],"replies":[{"embeddable":true,"href":"https:\/\/ami.mr\/fr\/wp-json\/wp\/v2\/comments?post=90951"}],"version-history":[{"count":1,"href":"https:\/\/ami.mr\/fr\/wp-json\/wp\/v2\/posts\/90951\/revisions"}],"predecessor-version":[{"id":191557,"href":"https:\/\/ami.mr\/fr\/wp-json\/wp\/v2\/posts\/90951\/revisions\/191557"}],"wp:attachment":[{"href":"https:\/\/ami.mr\/fr\/wp-json\/wp\/v2\/media?parent=90951"}],"wp:term":[{"taxonomy":"category","embeddable":true,"href":"https:\/\/ami.mr\/fr\/wp-json\/wp\/v2\/categories?post=90951"},{"taxonomy":"post_tag","embeddable":true,"href":"https:\/\/ami.mr\/fr\/wp-json\/wp\/v2\/tags?post=90951"}],"curies":[{"name":"wp","href":"https:\/\/api.w.org\/{rel}","templated":true}]}}