{"id":90400,"date":"2021-09-28T18:38:52","date_gmt":"2021-09-28T18:38:52","guid":{"rendered":"http:\/\/192.168.64.2\/fr\/index.php\/2021\/09\/28\/le-ministre-de-la-sante-participe-a-une-reunion-a-distance-sur-la-poliomyelite\/"},"modified":"2022-07-05T08:29:54","modified_gmt":"2022-07-05T08:29:54","slug":"le-ministre-de-la-sante-participe-a-une-reunion-a-distance-sur-la-poliomyelite","status":"publish","type":"post","link":"https:\/\/ami.mr\/fr\/archives\/90400","title":{"rendered":"Le ministre de la Sant\u00e9 participe \u00e0 une r\u00e9union \u00e0 distance sur la poliomy\u00e9lite"},"content":{"rendered":"<p>Le ministre de la Sant\u00e9, M. Sidi Ould Zahaf, a particip\u00e9 mardi \u00e0 Nouakchott avec ses homologues du S\u00e9n\u00e9gal et de la Gambie \u00e0 une r\u00e9union \u00e0 distance consacr\u00e9e \u00e0 l&#8217;apparition de cas de poliomy\u00e9lite dans les trois pays et aux moyens de faire face \u00e0 d&#8217;\u00e9ventuelles vagues de cette maladie, gr\u00e2ce \u00e0 l&#8217;organisation de campagnes de vaccination dans les trois pays et au renforcement des capacit\u00e9s de contr\u00f4le et de pr\u00e9vention.<\/p>\n<p>La r\u00e9union \u00e0 distance a vu en outre, la participation de la pr\u00e9sidente du bureau africain de l&#8217;UNICEF et de la repr\u00e9sentante du bureau africain de l&#8217;OMS ainsi que du responsable des urgences \u00e0 la m\u00eame organisation et des experts en poliomy\u00e9lite et en vaccination.<\/p>\n<p>La r\u00e9union s&#8217;est d\u00e9roul\u00e9e  en pr\u00e9sence \u00e9galement, du repr\u00e9sentant de l&#8217;OMS  et de la repr\u00e9sentante adjointe de l&#8217;UNICEF dans en Mauritanie, du charg\u00e9 de mission au minist\u00e8re de la Sant\u00e9, M. Cheikh Baye Ould M&#8217;Khaitrate, du conseiller \u00e0 la communication, du directeur g\u00e9n\u00e9ral de la Sant\u00e9 par int\u00e9rim et de plusieurs autres responsables.<\/p>\n","protected":false},"excerpt":{"rendered":"<p>Le ministre de la Sant\u00e9, M. Sidi Ould Zahaf, a particip\u00e9 mardi \u00e0 Nouakchott avec ses homologues du S\u00e9n\u00e9gal et de la Gambie \u00e0 une r\u00e9union \u00e0 distance consacr\u00e9e \u00e0 l&#8217;apparit<\/p>\n","protected":false},"author":1,"featured_media":190537,"comment_status":"closed","ping_status":"closed","sticky":false,"template":"","format":"standard","meta":{"footnotes":""},"categories":[],"tags":[63990,62476,63717,63478],"class_list":["post-90400","post","type-post","status-publish","format-standard","has-post-thumbnail","hentry","tag-activites-gouvernementales","tag-nouakchott","tag-sbechire","tag-syde"],"_links":{"self":[{"href":"https:\/\/ami.mr\/fr\/wp-json\/wp\/v2\/posts\/90400","targetHints":{"allow":["GET"]}}],"collection":[{"href":"https:\/\/ami.mr\/fr\/wp-json\/wp\/v2\/posts"}],"about":[{"href":"https:\/\/ami.mr\/fr\/wp-json\/wp\/v2\/types\/post"}],"author":[{"embeddable":true,"href":"https:\/\/ami.mr\/fr\/wp-json\/wp\/v2\/users\/1"}],"replies":[{"embeddable":true,"href":"https:\/\/ami.mr\/fr\/wp-json\/wp\/v2\/comments?post=90400"}],"version-history":[{"count":1,"href":"https:\/\/ami.mr\/fr\/wp-json\/wp\/v2\/posts\/90400\/revisions"}],"predecessor-version":[{"id":190536,"href":"https:\/\/ami.mr\/fr\/wp-json\/wp\/v2\/posts\/90400\/revisions\/190536"}],"wp:featuredmedia":[{"embeddable":true,"href":"https:\/\/ami.mr\/fr\/wp-json\/wp\/v2\/media\/190537"}],"wp:attachment":[{"href":"https:\/\/ami.mr\/fr\/wp-json\/wp\/v2\/media?parent=90400"}],"wp:term":[{"taxonomy":"category","embeddable":true,"href":"https:\/\/ami.mr\/fr\/wp-json\/wp\/v2\/categories?post=90400"},{"taxonomy":"post_tag","embeddable":true,"href":"https:\/\/ami.mr\/fr\/wp-json\/wp\/v2\/tags?post=90400"}],"curies":[{"name":"wp","href":"https:\/\/api.w.org\/{rel}","templated":true}]}}