{"id":90399,"date":"2021-09-28T16:20:22","date_gmt":"2021-09-28T16:20:22","guid":{"rendered":"http:\/\/192.168.64.2\/fr\/index.php\/2021\/09\/28\/ouverture-dun-atelier-sur-la-transition-energetique\/"},"modified":"2022-07-05T08:29:50","modified_gmt":"2022-07-05T08:29:50","slug":"ouverture-dun-atelier-sur-la-transition-energetique","status":"publish","type":"post","link":"https:\/\/ami.mr\/fr\/archives\/90399","title":{"rendered":"Ouverture d\u2019un atelier sur la transition \u00e9nerg\u00e9tique"},"content":{"rendered":"<p>Les travaux d\u2019un atelier organis\u00e9 par le minist\u00e8re du P\u00e9trole, des Mines et de l\u2019\u00c9nergie sur la transition \u00e9nerg\u00e9tique et le d\u00e9veloppement de l\u2019hydrog\u00e8ne, ont d\u00e9but\u00e9 mardi \u00e0 Nouakchott.<\/p>\n<p>Durant deux jours, les participants \u00e9changeront sur des th\u00e9matiques telles que la production de diff\u00e9rents types d\u2019hydrog\u00e8ne, les avantages et les d\u00e9fis de l\u2019hydrog\u00e8ne vert et la mani\u00e8re de le stocker et de le transporter.<\/p>\n<p>Dans son discours d\u2019ouverture, le ministre du P\u00e9trole, des Mines et de l\u2019\u00c9nergie, M. Abdessalam Ould Mohamed Saleh a d\u00e9clar\u00e9 que les caract\u00e8res sp\u00e9cifiques de l\u2019hydrog\u00e8ne vert en font un choix principal pour construire un monde et des \u00e9conomies durables et neutres sans \u00e9missions de carbone.<\/p>\n<p>Il a soulign\u00e9 que les choix strat\u00e9giques pour le d\u00e9veloppement \u00e9nerg\u00e9tique, la promotion de l\u2019investissement priv\u00e9 et le partenariat pour la production d\u2019hydrog\u00e8ne vert sont fortement soutenus par le Pr\u00e9sident de la R\u00e9publique, Son Excellence Monsieur Mohamed Ould Cheikh El Ghazouani.<\/p>\n<p>Le ministre a indiqu\u00e9 que la Mauritanie a sign\u00e9 le 28 Mai, un m\u00e9morandum avec la soci\u00e9t\u00e9 CWP pour le d\u00e9veloppement de l\u2019un des plus grands projets d\u2019\u00e9nergie renouvelable au monde afin de produire et d\u2019exporter l\u2019hydrog\u00e8ne vert et ses d\u00e9riv\u00e9es.<\/p>\n<p>La c\u00e9r\u00e9monie a \u00e9t\u00e9 aussi marqu\u00e9e par la signature d\u2019une convention de partenariat entre la soci\u00e9t\u00e9 CWP, sp\u00e9cialiste des \u00e9nergies de transition et l\u2019\u00e9cole polytechnique de Mauritanie. Cette convention permettra \u00e0 l\u2019\u00e9cole de b\u00e9n\u00e9ficier de l\u2019achat d\u2019\u00e9quipements informatiques, dule financement d\u2019\u00e9tudes de faisabilit\u00e9 pour l\u2019extension de ses installations en plus de l\u2019octroi de bourses aux cinq ou six majors de l\u2019\u00e9cole.<\/p>\n<p>La c\u00e9r\u00e9monie s\u2019est d\u00e9roul\u00e9e en pr\u00e9sence du ministre des Affaires \u00e9conomiques et de la Promotion des Secteurs productifs et de la ministre de l\u2019Enseignement sup\u00e9rieur et de la Recherche scientifique.<\/p>\n","protected":false},"excerpt":{"rendered":"<p>Les travaux d\u2019un atelier organis\u00e9 par le minist\u00e8re du P\u00e9trole, des Mines et de l\u2019\u00c9nergie sur la transition \u00e9nerg\u00e9tique et le d\u00e9veloppement de l\u2019hydrog\u00e8ne, ont d\u00e9but\u00e9 mardi \u00e0 Nouakchott<\/p>\n","protected":false},"author":1,"featured_media":190535,"comment_status":"closed","ping_status":"closed","sticky":false,"template":"","format":"standard","meta":{"footnotes":""},"categories":[],"tags":[63990,63745,62741,62476],"class_list":["post-90399","post","type-post","status-publish","format-standard","has-post-thumbnail","hentry","tag-activites-gouvernementales","tag-jemal","tag-khweira","tag-nouakchott"],"_links":{"self":[{"href":"https:\/\/ami.mr\/fr\/wp-json\/wp\/v2\/posts\/90399","targetHints":{"allow":["GET"]}}],"collection":[{"href":"https:\/\/ami.mr\/fr\/wp-json\/wp\/v2\/posts"}],"about":[{"href":"https:\/\/ami.mr\/fr\/wp-json\/wp\/v2\/types\/post"}],"author":[{"embeddable":true,"href":"https:\/\/ami.mr\/fr\/wp-json\/wp\/v2\/users\/1"}],"replies":[{"embeddable":true,"href":"https:\/\/ami.mr\/fr\/wp-json\/wp\/v2\/comments?post=90399"}],"version-history":[{"count":1,"href":"https:\/\/ami.mr\/fr\/wp-json\/wp\/v2\/posts\/90399\/revisions"}],"predecessor-version":[{"id":190534,"href":"https:\/\/ami.mr\/fr\/wp-json\/wp\/v2\/posts\/90399\/revisions\/190534"}],"wp:featuredmedia":[{"embeddable":true,"href":"https:\/\/ami.mr\/fr\/wp-json\/wp\/v2\/media\/190535"}],"wp:attachment":[{"href":"https:\/\/ami.mr\/fr\/wp-json\/wp\/v2\/media?parent=90399"}],"wp:term":[{"taxonomy":"category","embeddable":true,"href":"https:\/\/ami.mr\/fr\/wp-json\/wp\/v2\/categories?post=90399"},{"taxonomy":"post_tag","embeddable":true,"href":"https:\/\/ami.mr\/fr\/wp-json\/wp\/v2\/tags?post=90399"}],"curies":[{"name":"wp","href":"https:\/\/api.w.org\/{rel}","templated":true}]}}