{"id":90398,"date":"2021-09-28T16:16:07","date_gmt":"2021-09-28T16:16:07","guid":{"rendered":"http:\/\/192.168.64.2\/fr\/index.php\/2021\/09\/28\/le-ministre-de-lelevage-recoit-le-directeur-general-denabel\/"},"modified":"2022-07-05T08:29:45","modified_gmt":"2022-07-05T08:29:45","slug":"le-ministre-de-lelevage-recoit-le-directeur-general-denabel","status":"publish","type":"post","link":"https:\/\/ami.mr\/fr\/archives\/90398","title":{"rendered":"Le ministre de l\u2019\u00c9levage re\u00e7oit le directeur g\u00e9n\u00e9ral d\u2019Enabel"},"content":{"rendered":"<p>Le ministre de l\u2019\u00c9levage, M. Lemrabott Ould Benahi a re\u00e7u en audience mardi \u00e0 Nouakchott, le directeur g\u00e9n\u00e9ral de l\u2019agence belge de d\u00e9veloppement (Enabel), M. Jean Van Wetter.<\/p>\n<p>L\u2019audience a port\u00e9 sur la coop\u00e9ration entre la Mauritanie et Enabel, en particulier dans le domaine de l\u2019\u00e9levage.<\/p>\n","protected":false},"excerpt":{"rendered":"<p>Le ministre de l\u2019\u00c9levage, M. Lemrabott Ould Benahi a re\u00e7u en audience mardi \u00e0 Nouakchott, le directeur g\u00e9n\u00e9ral de l\u2019agence belge de d\u00e9veloppement (Enabel), M. Jean Van Wetter<\/p>\n","protected":false},"author":1,"featured_media":190533,"comment_status":"closed","ping_status":"closed","sticky":false,"template":"","format":"standard","meta":{"footnotes":""},"categories":[],"tags":[63990,63745,62476,63478],"class_list":["post-90398","post","type-post","status-publish","format-standard","has-post-thumbnail","hentry","tag-activites-gouvernementales","tag-jemal","tag-nouakchott","tag-syde"],"_links":{"self":[{"href":"https:\/\/ami.mr\/fr\/wp-json\/wp\/v2\/posts\/90398","targetHints":{"allow":["GET"]}}],"collection":[{"href":"https:\/\/ami.mr\/fr\/wp-json\/wp\/v2\/posts"}],"about":[{"href":"https:\/\/ami.mr\/fr\/wp-json\/wp\/v2\/types\/post"}],"author":[{"embeddable":true,"href":"https:\/\/ami.mr\/fr\/wp-json\/wp\/v2\/users\/1"}],"replies":[{"embeddable":true,"href":"https:\/\/ami.mr\/fr\/wp-json\/wp\/v2\/comments?post=90398"}],"version-history":[{"count":1,"href":"https:\/\/ami.mr\/fr\/wp-json\/wp\/v2\/posts\/90398\/revisions"}],"predecessor-version":[{"id":190532,"href":"https:\/\/ami.mr\/fr\/wp-json\/wp\/v2\/posts\/90398\/revisions\/190532"}],"wp:featuredmedia":[{"embeddable":true,"href":"https:\/\/ami.mr\/fr\/wp-json\/wp\/v2\/media\/190533"}],"wp:attachment":[{"href":"https:\/\/ami.mr\/fr\/wp-json\/wp\/v2\/media?parent=90398"}],"wp:term":[{"taxonomy":"category","embeddable":true,"href":"https:\/\/ami.mr\/fr\/wp-json\/wp\/v2\/categories?post=90398"},{"taxonomy":"post_tag","embeddable":true,"href":"https:\/\/ami.mr\/fr\/wp-json\/wp\/v2\/tags?post=90398"}],"curies":[{"name":"wp","href":"https:\/\/api.w.org\/{rel}","templated":true}]}}