{"id":90397,"date":"2021-09-28T16:14:24","date_gmt":"2021-09-28T16:14:24","guid":{"rendered":"http:\/\/192.168.64.2\/fr\/index.php\/2021\/09\/28\/le-ministre-de-lelevage-recoit-le-representant-de-la-fao\/"},"modified":"2022-07-05T08:29:41","modified_gmt":"2022-07-05T08:29:41","slug":"le-ministre-de-lelevage-recoit-le-representant-de-la-fao","status":"publish","type":"post","link":"https:\/\/ami.mr\/fr\/archives\/90397","title":{"rendered":"Le ministre de l\u2019\u00c9levage re\u00e7oit le repr\u00e9sentant de la FAO"},"content":{"rendered":"<p>Le ministre de l\u2019\u00c9levage, M. Lemrabott Ould Benahi a re\u00e7u mardi en audience,  \u00e0 Nouakchott, le repr\u00e9sentant de l&#8217;Organisation des Nations Unies pour l&#8217;alimentation et l&#8217;agriculture (FAO) en Mauritanie, M. Huynh Anh Tai Alexandre.<\/p>\n<p>L\u2019audience a port\u00e9 sur le renforcement des relations de coop\u00e9ration entre la Mauritanie et l&#8217;institution du syst\u00e8me des Nations unies, en particulier dans le domaine de l\u2019\u00e9levage.<\/p>\n","protected":false},"excerpt":{"rendered":"<p>Le ministre de l\u2019\u00c9levage, M. Lemrabott Ould Benahi a re\u00e7u mardi en audience,  \u00e0 Nouakchott, le repr\u00e9sentant de l&#8217;Organisation des Nations Unies pour l&#8217;alimentation et l&#8217;agriculture (FAO) en Mauritanie, M<\/p>\n","protected":false},"author":1,"featured_media":190531,"comment_status":"closed","ping_status":"closed","sticky":false,"template":"","format":"standard","meta":{"footnotes":""},"categories":[],"tags":[63990,63745,62476,63478],"class_list":["post-90397","post","type-post","status-publish","format-standard","has-post-thumbnail","hentry","tag-activites-gouvernementales","tag-jemal","tag-nouakchott","tag-syde"],"_links":{"self":[{"href":"https:\/\/ami.mr\/fr\/wp-json\/wp\/v2\/posts\/90397","targetHints":{"allow":["GET"]}}],"collection":[{"href":"https:\/\/ami.mr\/fr\/wp-json\/wp\/v2\/posts"}],"about":[{"href":"https:\/\/ami.mr\/fr\/wp-json\/wp\/v2\/types\/post"}],"author":[{"embeddable":true,"href":"https:\/\/ami.mr\/fr\/wp-json\/wp\/v2\/users\/1"}],"replies":[{"embeddable":true,"href":"https:\/\/ami.mr\/fr\/wp-json\/wp\/v2\/comments?post=90397"}],"version-history":[{"count":1,"href":"https:\/\/ami.mr\/fr\/wp-json\/wp\/v2\/posts\/90397\/revisions"}],"predecessor-version":[{"id":190530,"href":"https:\/\/ami.mr\/fr\/wp-json\/wp\/v2\/posts\/90397\/revisions\/190530"}],"wp:featuredmedia":[{"embeddable":true,"href":"https:\/\/ami.mr\/fr\/wp-json\/wp\/v2\/media\/190531"}],"wp:attachment":[{"href":"https:\/\/ami.mr\/fr\/wp-json\/wp\/v2\/media?parent=90397"}],"wp:term":[{"taxonomy":"category","embeddable":true,"href":"https:\/\/ami.mr\/fr\/wp-json\/wp\/v2\/categories?post=90397"},{"taxonomy":"post_tag","embeddable":true,"href":"https:\/\/ami.mr\/fr\/wp-json\/wp\/v2\/tags?post=90397"}],"curies":[{"name":"wp","href":"https:\/\/api.w.org\/{rel}","templated":true}]}}