{"id":90396,"date":"2021-09-28T16:08:42","date_gmt":"2021-09-28T16:08:42","guid":{"rendered":"http:\/\/192.168.64.2\/fr\/index.php\/2021\/09\/28\/le-president-de-la-zone-franche-de-nouadhibou-recoit-le-consul-general-du-maroc-a-nouadhibou\/"},"modified":"2022-07-05T08:29:37","modified_gmt":"2022-07-05T08:29:37","slug":"le-president-de-la-zone-franche-de-nouadhibou-recoit-le-consul-general-du-maroc-a-nouadhibou","status":"publish","type":"post","link":"https:\/\/ami.mr\/fr\/archives\/90396","title":{"rendered":"Le pr\u00e9sident de la zone franche de Nouadhibou re\u00e7oit le consul g\u00e9n\u00e9ral du Maroc \u00e0 Nouadhibou"},"content":{"rendered":"<p>Le pr\u00e9sident de l\u2019autorit\u00e9 de la zone franche de Nouadhibou, M. Mohamed Aly Ould Sidi Mohamed a re\u00e7u mardi en audience, \u00e0 Nouadhibou, le consul g\u00e9n\u00e9ral du Royaume du Maroc \u00e0 Nouadhibou, M. Salah Dine Boulahrouz.<\/p>\n<p>L\u2019audience a port\u00e9 sur le renforcement de la coop\u00e9ration entre la zone franche et le Royaume du Maroc.<\/p>\n","protected":false},"excerpt":{"rendered":"<p>Le pr\u00e9sident de l\u2019autorit\u00e9 de la zone franche de Nouadhibou, M. Mohamed Aly Ould Sidi Mohamed a re\u00e7u mardi en audience, \u00e0 Nouadhibou, le consul g\u00e9n\u00e9ral du Royaume du Maroc \u00e0 Nouadhibou, M<\/p>\n","protected":false},"author":1,"featured_media":190529,"comment_status":"closed","ping_status":"closed","sticky":false,"template":"","format":"standard","meta":{"footnotes":""},"categories":[8672],"tags":[63745,62482,63478],"class_list":["post-90396","post","type-post","status-publish","format-standard","has-post-thumbnail","hentry","category-8672","tag-jemal","tag-nouadhibou","tag-syde"],"_links":{"self":[{"href":"https:\/\/ami.mr\/fr\/wp-json\/wp\/v2\/posts\/90396","targetHints":{"allow":["GET"]}}],"collection":[{"href":"https:\/\/ami.mr\/fr\/wp-json\/wp\/v2\/posts"}],"about":[{"href":"https:\/\/ami.mr\/fr\/wp-json\/wp\/v2\/types\/post"}],"author":[{"embeddable":true,"href":"https:\/\/ami.mr\/fr\/wp-json\/wp\/v2\/users\/1"}],"replies":[{"embeddable":true,"href":"https:\/\/ami.mr\/fr\/wp-json\/wp\/v2\/comments?post=90396"}],"version-history":[{"count":1,"href":"https:\/\/ami.mr\/fr\/wp-json\/wp\/v2\/posts\/90396\/revisions"}],"predecessor-version":[{"id":190528,"href":"https:\/\/ami.mr\/fr\/wp-json\/wp\/v2\/posts\/90396\/revisions\/190528"}],"wp:featuredmedia":[{"embeddable":true,"href":"https:\/\/ami.mr\/fr\/wp-json\/wp\/v2\/media\/190529"}],"wp:attachment":[{"href":"https:\/\/ami.mr\/fr\/wp-json\/wp\/v2\/media?parent=90396"}],"wp:term":[{"taxonomy":"category","embeddable":true,"href":"https:\/\/ami.mr\/fr\/wp-json\/wp\/v2\/categories?post=90396"},{"taxonomy":"post_tag","embeddable":true,"href":"https:\/\/ami.mr\/fr\/wp-json\/wp\/v2\/tags?post=90396"}],"curies":[{"name":"wp","href":"https:\/\/api.w.org\/{rel}","templated":true}]}}