{"id":90395,"date":"2021-09-28T14:33:18","date_gmt":"2021-09-28T14:33:18","guid":{"rendered":"http:\/\/192.168.64.2\/fr\/index.php\/2021\/09\/28\/ouverture-de-la-deuxieme-conference-ordinaire-de-la-federation-nationale-de-lelevage\/"},"modified":"2022-07-05T08:29:32","modified_gmt":"2022-07-05T08:29:32","slug":"ouverture-de-la-deuxieme-conference-ordinaire-de-la-federation-nationale-de-lelevage","status":"publish","type":"post","link":"https:\/\/ami.mr\/fr\/archives\/90395","title":{"rendered":"Ouverture de la deuxi\u00e8me conf\u00e9rence ordinaire de la f\u00e9d\u00e9ration nationale de l\u2019\u00e9levage"},"content":{"rendered":"<p>Les travaux de la deuxi\u00e8me conf\u00e9rence ordinaire de la f\u00e9d\u00e9ration nationale de l\u2019\u00e9levage ont d\u00e9but\u00e9 mardi \u00e0 Nouakchott.<\/p>\n<p>Dans le discours qu\u2019il a prononc\u00e9 \u00e0 cette occasion, le ministre de l\u2019\u00c9levage, M. Lemrabott Ould Benahy a d\u00e9clar\u00e9 que l\u2019ouverture de cette conf\u00e9rence s\u2019inscrit dans une conjoncture marqu\u00e9e par un grand int\u00e9r\u00eat accord\u00e9 par le Pr\u00e9sident de la R\u00e9publique, Son Excellence Monsieur Mohamed Ould Cheikh El Ghazouani au d\u00e9veloppement en g\u00e9n\u00e9ral et \u00e0 celui de l\u2019\u00e9levage en particulier.<\/p>\n<p>Il a pr\u00e9cis\u00e9 que cet int\u00e9r\u00eat s\u2019est traduit par la prise se plusieurs d\u00e9cisions annonc\u00e9es au cours de la foire de Timb\u00e9dra dont la plus importante est la cr\u00e9ation d\u2019un fonds charg\u00e9 de la promotion du secteur.<\/p>\n<p>Le ministre a annonc\u00e9 la disponibilit\u00e9 du secteur bancaire mauritanien \u00e0 financer des projets d\u2019\u00e9levages \u00e0 des taux simplifi\u00e9s et avantageux, soulignant qu\u2019une efficace exploitation de ces opportunit\u00e9s demande la conjugaison des efforts de tous pour aboutir au r\u00e9sultat recherch\u00e9.<\/p>\n<p>M. Lemrabott Ould Benahy a not\u00e9 importance du r\u00f4le de l\u2019\u00e9levage dans la s\u00e9curit\u00e9 alimentaire avant d\u2019exhorter les acteurs et les professionnels du secteur \u00e0 \u0153uvrer pour l\u2019am\u00e9lioration de ses moyens de production et sa modernisation.<\/p>\n<p>Il a, enfin, remerci\u00e9 l\u2019union nationale du patronat mauritanien (UNPM) pour la bonne pr\u00e9paration de la conf\u00e9rence.<\/p>\n<p>De son c\u00f4t\u00e9, le pr\u00e9sident de la f\u00e9d\u00e9ration nationale de l\u2019\u00e9levage, M. Welad Ould Ha\u00efmdoun a pr\u00e9cis\u00e9 que le secteur de l\u2019\u00e9levage contribue avec 15 % au PIB et offre 1.000 opportunit\u00e9s d\u2019emploi.<\/p>\n<p>Au cours de la c\u00e9r\u00e9monie, qui s\u2019est d\u00e9roul\u00e9e en pr\u00e9sence du ministre de l\u2019Emploi et de la Formation professionnelle, M. Taleb Ould Sid\u2019Ahmed et le pr\u00e9sident de l\u2019UNPM, M. Mohamed Zein El Abidine Ould Cheikh Ahmed, le ministre de l\u2019\u00c9levage a remis le bouclier de l\u2019union nationale du patronat mauritanien \u00e0 M. welad Ould Ha\u00efmoud qui ach\u00e8ve son mandat pour les efforts remarquables qu\u2019il a d\u00e9ploy\u00e9 pour consolider l\u2019action de la f\u00e9d\u00e9ration.<\/p>\n","protected":false},"excerpt":{"rendered":"<p>Les travaux de la deuxi\u00e8me conf\u00e9rence ordinaire de la f\u00e9d\u00e9ration nationale de l\u2019\u00e9levage ont d\u00e9but\u00e9 mardi \u00e0 Nouakchott.<\/p>\n<p>Dans le discours qu\u2019il a prononc\u00e9 \u00e0 cette occasion, le ministre de l\u2019\u00c9levage, M<\/p>\n","protected":false},"author":1,"featured_media":190527,"comment_status":"closed","ping_status":"closed","sticky":false,"template":"","format":"standard","meta":{"footnotes":""},"categories":[],"tags":[63990,63745,62476],"class_list":["post-90395","post","type-post","status-publish","format-standard","has-post-thumbnail","hentry","tag-activites-gouvernementales","tag-jemal","tag-nouakchott"],"_links":{"self":[{"href":"https:\/\/ami.mr\/fr\/wp-json\/wp\/v2\/posts\/90395","targetHints":{"allow":["GET"]}}],"collection":[{"href":"https:\/\/ami.mr\/fr\/wp-json\/wp\/v2\/posts"}],"about":[{"href":"https:\/\/ami.mr\/fr\/wp-json\/wp\/v2\/types\/post"}],"author":[{"embeddable":true,"href":"https:\/\/ami.mr\/fr\/wp-json\/wp\/v2\/users\/1"}],"replies":[{"embeddable":true,"href":"https:\/\/ami.mr\/fr\/wp-json\/wp\/v2\/comments?post=90395"}],"version-history":[{"count":1,"href":"https:\/\/ami.mr\/fr\/wp-json\/wp\/v2\/posts\/90395\/revisions"}],"predecessor-version":[{"id":190526,"href":"https:\/\/ami.mr\/fr\/wp-json\/wp\/v2\/posts\/90395\/revisions\/190526"}],"wp:featuredmedia":[{"embeddable":true,"href":"https:\/\/ami.mr\/fr\/wp-json\/wp\/v2\/media\/190527"}],"wp:attachment":[{"href":"https:\/\/ami.mr\/fr\/wp-json\/wp\/v2\/media?parent=90395"}],"wp:term":[{"taxonomy":"category","embeddable":true,"href":"https:\/\/ami.mr\/fr\/wp-json\/wp\/v2\/categories?post=90395"},{"taxonomy":"post_tag","embeddable":true,"href":"https:\/\/ami.mr\/fr\/wp-json\/wp\/v2\/tags?post=90395"}],"curies":[{"name":"wp","href":"https:\/\/api.w.org\/{rel}","templated":true}]}}