{"id":90391,"date":"2021-09-27T21:37:37","date_gmt":"2021-09-27T21:37:37","guid":{"rendered":"http:\/\/192.168.64.2\/fr\/index.php\/2021\/09\/27\/le-ministre-des-affaires-etrangeres-reitere-lappel-du-president-de-la-republique-en-faveur-de-lannulation-de-la-dette-exterieure-africaine\/"},"modified":"2022-07-05T08:29:16","modified_gmt":"2022-07-05T08:29:16","slug":"le-ministre-des-affaires-etrangeres-reitere-lappel-du-president-de-la-republique-en-faveur-de-lannulation-de-la-dette-exterieure-africaine","status":"publish","type":"post","link":"https:\/\/ami.mr\/fr\/archives\/90391","title":{"rendered":"Le ministre des Affaires \u00e9trang\u00e8res r\u00e9it\u00e8re l\u2019appel du Pr\u00e9sident de la R\u00e9publique en faveur de l\u2019annulation de la dette ext\u00e9rieure africaine"},"content":{"rendered":"<p>Le ministre des Affaires \u00e9trang\u00e8res, de la Coop\u00e9ration et des Mauritaniens de l\u2019Ext\u00e9rieur, M. Isma\u00ebl Ould Cheikh Ahmed a prononc\u00e9 lundi \u00e0 New York, un important discours devant la 76\u00e8me Assembl\u00e9e g\u00e9n\u00e9rale des Nations Unies. Il a \u00e9voqu\u00e9 les cons\u00e9quences sanitaires, \u00e9conomiques, sociales et humanitaires de la pand\u00e9mie du covid-19 et la dette ext\u00e9rieure africaine. Il a renouvel\u00e9 l\u2019appel du Pr\u00e9sident de la R\u00e9publique, Son excellence Monsieur Mohamed Ould Cheikh El Ghazouani, en faveur de l\u2019annulation de la dette ext\u00e9rieure des pays africains pour qu\u2019ils puissent limiter les impacts n\u00e9gatifs de la pand\u00e9mie.<\/p>\n<p>Le ministre a \u00e9voqu\u00e9 la riposte sanitaire rapide des pouvoirs mauritaniens face au coronavirus et les mesures d\u2019accompagnement et de soutien qu\u2019ils ont pris au plan social et \u00e9conomique en faveur des groupes vuln\u00e9rables. M. Isma\u00ebl Ould Cheikh Ahmed a par ailleurs r\u00e9it\u00e9r\u00e9 les positions stables de la Mauritanie et son soutien \u00e0 toutes les causes justes.<\/p>\n<p>Voici le texte int\u00e9gral de ce discours :<\/p>\n<p>\u0628\u0633\u0645 \u0627\u0644\u0644\u0647 \u0627\u0644\u0631\u062d\u0645\u0646 \u0627\u0644\u0631\u062d\u064a\u0645<\/p>\n<p>\u0648\u0635\u0644\u0649 \u0627\u0644\u0644\u0647 \u0639\u0644\u0649 \u0646\u0628\u064a\u0647 \u0627\u0644\u0643\u0631\u064a\u0645<\/p>\n<p>\u00ab Monsieur le Pr\u00e9sident, Majest\u00e9s, Excellences et Altesses<\/p>\n<p>Excellence M. Antonio Guterres, Secr\u00e9taire g\u00e9n\u00e9ral des Nations Unies,<\/p>\n<p>Excellence M. Abdallah Chahid, Pr\u00e9sident de l&#8217;Assembl\u00e9e g\u00e9n\u00e9rale<\/p>\n<p>Mesdames et Messieurs, <\/p>\n<p>Tout d&#8217;abord, je voudrais adresser mes plus chaleureuses f\u00e9licitations \u00e0 SE. Antonio Guterres, Secr\u00e9taire g\u00e9n\u00e9ral des Nations Unies, pour sa r\u00e9\u00e9lection pour un second mandat, et je suis tout confiant dans le succ\u00e8s de ses efforts et des grandes d\u00e9marches qu\u2019il d\u00e9ploie pour r\u00e9former l&#8217;Organisation et la conduire sur la voie de la paix et de la s\u00e9curit\u00e9 internationales.<\/p>\n<p>Je f\u00e9licite \u00e9galement Son Excellence Abdallah Chahid pour son accession \u00e0 la pr\u00e9sidence de la 76e session de l&#8217;Assembl\u00e9e g\u00e9n\u00e9rale des Nations Unies, &#8220;Pr\u00e9sidence de l&#8217;espoir&#8221;, lui souhaitant plein succ\u00e8s dans sa noble mission.<\/p>\n<p>Je voudrais \u00e9galement exprimer mes remerciements et ma gratitude \u00e0 Son Excellence l&#8217;ambassadeur Volkan Bozkir, Repr\u00e9sentant permanent de la R\u00e9publique s\u0153ur de Turquie, pour avoir fait preuve de grande comp\u00e9tence, de r\u00e9elle efficacit\u00e9 et de professionnalisme dans sa direction de la pr\u00e9c\u00e9dente session de l&#8217;Assembl\u00e9e g\u00e9n\u00e9rale des Nations Unies.<\/p>\n<p>Monsieur le Pr\u00e9sident,<\/p>\n<p>Mesdames et Messieurs, <\/p>\n<p>Notre session se tient, pour la deuxi\u00e8me fois cons\u00e9cutive, alors que le monde continue de vivre l&#8217;impact de la crise sanitaire caus\u00e9e par la propagation du Covid 19 et ses variants.<\/p>\n<p>Les r\u00e9percussions et les d\u00e9fis cons\u00e9cutifs de ce fl\u00e9au ne cessent de cro\u00eetre et de se ramifier. Les atteintes de par le monde ont fr\u00f4l\u00e9 des seuils alarmants : 250 millions tandis que les d\u00e9c\u00e8s ont franchi la barre des 5 millions d\u2019individus, ce qui est aussi un chiffre effrayant par rapport \u00e0 leur nombre \u00e0 la m\u00eame \u00e9poque, l&#8217;an dernier.<\/p>\n<p>Quant aux autres d\u00e9fis et r\u00e9percussions \u00e9conomiques, sociaux et humanitaires, ils sont plus dramatiques et plus profonds que la crise sanitaire elle-m\u00eame, dans le monde entier, mais ils sont plus aigus et plus graves dans les pays pauvres et en d\u00e9veloppement en raison de la pr\u00e9carit\u00e9 de leurs \u00e9conomies et de leur incapacit\u00e9 \u00e0 supporter des crises de ce genre sur des p\u00e9riodes aussi longues, ce qui a expos\u00e9 la vie des populations de ces pays \u00e0 un grand danger.<\/p>\n<p>Monsieur le Pr\u00e9sident,<\/p>\n<p>Mesdames et messieurs,<\/p>\n<p>Les mesures prises par le monde pour faire face \u00e0 cette pand\u00e9mie et \u00e0 ses r\u00e9percussions sont encore en de\u00e7\u00e0 des attentes et n&#8217;ont pas encore \u00e9t\u00e9 \u00e0 la hauteur des exigences de la crise, ce qui nous oblige tous \u00e0 redoubler et \u00e0 coordonner les efforts pour permettre aux pays en d\u00e9veloppement de se procurer des vaccins en quantit\u00e9 suffisante et de renforcer leurs capacit\u00e9s techniques pour acc\u00e9l\u00e9rer le rythme de vaccination d&#8217;une part, et les accompagner, d&#8217;autre part, pour les aider \u00e0 faire face aux pr\u00e9judices \u00e9conomiques, sociaux et humanitaires de la crise.<\/p>\n<p>Dans ce contexte, nous renouvelons, \u00e0 partir de cette tribune, l&#8217;appel lanc\u00e9 par Son Excellence le Pr\u00e9sident Mohamed Ould Cheikh El Ghazouani, \u00e0 plus d&#8217;une occasion r\u00e9gionale et internationale, pour l\u2019annulation totale et d\u00e9finitive de la dette ext\u00e9rieure des pays africains, afin qu&#8217;ils puissent surmonter les effets \u00e9conomiques r\u00e9sultant de la crise du Covid- 19.<\/p>\n<p>Monsieur le pr\u00e9sident,<\/p>\n<p>Mesdames, Messieurs,<\/p>\n<p>Le gouvernement de la R\u00e9publique Islamique de Mauritanie a pris, sur instruction du Pr\u00e9sident de la R\u00e9publique, Son Excellence Monsieur Mohamed Ould Cheikh El Ghazouani, de nombreuses mesures qui ont permis de limiter la propagation de la pand\u00e9mie et d&#8217;all\u00e9ger ses r\u00e9percussions sur les populations, notamment les couches pauvres.<\/p>\n<p>Parmi les plus importantes de ces mesures on peut citer:<\/p>\n<p>-le d\u00e9but de campagnes de vaccinations \u00e9largies sur toute l&#8217;\u00e9tendue du territoire national, ce qui permettra tr\u00e8s prochainement \u00e0 15 % de la population de recevoir le vaccin,<\/p>\n<p>&#8211; l&#8217;imposition de mesures de pr\u00e9vention sur toute l&#8217;\u00e9tendue du territoire national et leur contr\u00f4le rigoureux,<\/p>\n<p>-le contr\u00f4le et la s\u00e9curisation de l&#8217;approvisionnement du march\u00e9 local en produits essentiels, l&#8217;emp\u00eachement de la contrebande et la baisse des prix qui ont connu une flamb\u00e9e  au niveau mondial du fait de la pand\u00e9mie.<\/p>\n<p>&#8211; le contr\u00f4le et s\u00e9curisation des m\u00e9dicaments essentiels et la stabilisation de leurs prix.<\/p>\n<p>&#8211; la prise en charge des frais de l&#8217;assurance maladie en faveur de 120 000 familles, ce qui approche 600 000 personnes issues de couches pauvres et vuln\u00e9rables<\/p>\n<p>&#8211; la poursuite des aides financi\u00e8res directes (cash transfert) au profit de milliers de familles pauvres et \u00e9prouv\u00e9es.<\/p>\n<p> Mesdames, Messieurs,<\/p>\n<p>Le gouvernement de la R\u00e9publique Islamique de Mauritanie r\u00e9affirme son soutien constant aux causes justes partout dans le monde.<\/p>\n<p>A ce titre, il r\u00e9it\u00e8re :<\/p>\n<p>&#8211; le droit du peuple palestinien \u00e0 la dignit\u00e9 et \u00e0 la souverainet\u00e9 dans le cadre d&#8217;un \u00c9tat ind\u00e9pendant et viable avec El Qods Echarif pour capitale, conform\u00e9ment \u00e0 l&#8217;Initiative de paix arabe et aux r\u00e9solutions internationales pertinentes, dans le cadre de la solution \u00e0 deux \u00c9tats, fond\u00e9e sur l&#8217;existence de deux \u00c9tats vivant c\u00f4te \u00e0 c\u00f4te dans la paix et la stabilit\u00e9.<\/p>\n<p>&#8211; Sa constante et ferme position par rapport au conflit du Sahara occidental, qui est impartiale vis-\u00e0-vis des deux parties en conflit avec lesquelles il entretient d&#8217;excellentes relations et son soutien aux efforts des Nations Unies et de toutes les r\u00e9solutions pertinentes du Conseil de s\u00e9curit\u00e9 visant \u00e0 trouver une solution acceptable pour tous.<\/p>\n<p>Dans ce contexte, il exhorte le Secr\u00e9taire g\u00e9n\u00e9ral \u00e0 acc\u00e9l\u00e9rer la nomination d&#8217;un envoy\u00e9 sp\u00e9cial pour reprendre le processus qui avait \u00e9t\u00e9 interrompu il y a deux ans apr\u00e8s la d\u00e9mission de son pr\u00e9d\u00e9cesseur.<\/p>\n<p>&#8211; Son soutien aux efforts internationaux visant \u00e0 faire de la phase de transition en Libye un succ\u00e8s.<\/p>\n<p>&#8211; La n\u00e9cessit\u00e9 d\u2019\u0153uvrer \u00e0 trouver une solution politique qui pr\u00e9serve l\u2019unit\u00e9 et l\u2019ind\u00e9pendance de la R\u00e9publique s\u0153ur de Syrie et la dignit\u00e9 de son peuple et son droit de vivre dans la dignit\u00e9.<\/p>\n<p>&#8211; Son soutien \u00e0 la l\u00e9gitimit\u00e9 au Y\u00e9men fr\u00e8re et son appel \u00e0 rechercher une solution pacifique conform\u00e9ment \u00e0 l&#8217;initiative du Golfe et aux r\u00e9solutions pertinentes du Conseil de s\u00e9curit\u00e9.<\/p>\n<p>Je vous remercie \u00bb<\/p>\n","protected":false},"excerpt":{"rendered":"<p>Le ministre des Affaires \u00e9trang\u00e8res, de la Coop\u00e9ration et des Mauritaniens de l\u2019Ext\u00e9rieur, M. Isma\u00ebl Ould Cheikh Ahmed a prononc\u00e9 lundi \u00e0 New York, un important discours devant la 76\u00e8me Assembl\u00e9e g\u00e9n\u00e9rale des Nations Unies<\/p>\n","protected":false},"author":1,"featured_media":190519,"comment_status":"closed","ping_status":"closed","sticky":false,"template":"","format":"standard","meta":{"footnotes":""},"categories":[],"tags":[63990,62566,63717,63478],"class_list":["post-90391","post","type-post","status-publish","format-standard","has-post-thumbnail","hentry","tag-activites-gouvernementales","tag-new-york","tag-sbechire","tag-syde"],"_links":{"self":[{"href":"https:\/\/ami.mr\/fr\/wp-json\/wp\/v2\/posts\/90391","targetHints":{"allow":["GET"]}}],"collection":[{"href":"https:\/\/ami.mr\/fr\/wp-json\/wp\/v2\/posts"}],"about":[{"href":"https:\/\/ami.mr\/fr\/wp-json\/wp\/v2\/types\/post"}],"author":[{"embeddable":true,"href":"https:\/\/ami.mr\/fr\/wp-json\/wp\/v2\/users\/1"}],"replies":[{"embeddable":true,"href":"https:\/\/ami.mr\/fr\/wp-json\/wp\/v2\/comments?post=90391"}],"version-history":[{"count":1,"href":"https:\/\/ami.mr\/fr\/wp-json\/wp\/v2\/posts\/90391\/revisions"}],"predecessor-version":[{"id":190518,"href":"https:\/\/ami.mr\/fr\/wp-json\/wp\/v2\/posts\/90391\/revisions\/190518"}],"wp:featuredmedia":[{"embeddable":true,"href":"https:\/\/ami.mr\/fr\/wp-json\/wp\/v2\/media\/190519"}],"wp:attachment":[{"href":"https:\/\/ami.mr\/fr\/wp-json\/wp\/v2\/media?parent=90391"}],"wp:term":[{"taxonomy":"category","embeddable":true,"href":"https:\/\/ami.mr\/fr\/wp-json\/wp\/v2\/categories?post=90391"},{"taxonomy":"post_tag","embeddable":true,"href":"https:\/\/ami.mr\/fr\/wp-json\/wp\/v2\/tags?post=90391"}],"curies":[{"name":"wp","href":"https:\/\/api.w.org\/{rel}","templated":true}]}}