{"id":90390,"date":"2021-09-27T20:35:37","date_gmt":"2021-09-27T20:35:37","guid":{"rendered":"http:\/\/192.168.64.2\/fr\/index.php\/2021\/09\/27\/le-ministre-de-lhydraulique-se-rend-a-geneve\/"},"modified":"2022-07-05T08:29:12","modified_gmt":"2022-07-05T08:29:12","slug":"le-ministre-de-lhydraulique-se-rend-a-geneve","status":"publish","type":"post","link":"https:\/\/ami.mr\/fr\/archives\/90390","title":{"rendered":"Le ministre de l\u2019Hydraulique se rend \u00e0 Gen\u00e8ve"},"content":{"rendered":"<p>Le ministre de l\u2019Hydraulique et de l\u2019Assainissement, M. Mohamed El Hacen Ould Boukhreiss, a quitt\u00e9 Nouakchott lundi, \u00e0 destination de Gen\u00e8ve o\u00f9 il doit prendre part \u00e0 une rencontre minist\u00e9rielle sur l\u2019initiative r\u00e9gionale de coop\u00e9ration pour la gestion int\u00e9gr\u00e9e des ressources aquif\u00e8res communes du bassin mauritano-s\u00e9n\u00e9galais.<\/p>\n<p>L\u2019initiative comprend quatre pays qui sont la Mauritanie, le S\u00e9n\u00e9gal, la Gambie et la Guin\u00e9e Bissau avec la participation de l\u2019OMVS.<\/p>\n<p>Au cours de son voyage, le ministre est accompagn\u00e9 par le conseiller charg\u00e9 de l\u2019hydraulique rurale, M. Saadbouh Ould Menane.<\/p>\n","protected":false},"excerpt":{"rendered":"<p>Le ministre de l\u2019Hydraulique et de l\u2019Assainissement, M. Mohamed El Hacen Ould Boukhreiss, a quitt\u00e9 Nouakchott lundi, \u00e0 destination de Gen\u00e8ve o\u00f9 il doit prendre part \u00e0 une rencontre minist\u00e9rielle sur l\u2019initiative r\u00e9gionale de coop\u00e9ration pour la gestion int\u00e9gr\u00e9e des ressources aquif\u00e8res communes du bassin mauritano-s\u00e9n\u00e9galais<\/p>\n","protected":false},"author":1,"featured_media":190517,"comment_status":"closed","ping_status":"closed","sticky":false,"template":"","format":"standard","meta":{"footnotes":""},"categories":[],"tags":[63990,62476,63717,63478],"class_list":["post-90390","post","type-post","status-publish","format-standard","has-post-thumbnail","hentry","tag-activites-gouvernementales","tag-nouakchott","tag-sbechire","tag-syde"],"_links":{"self":[{"href":"https:\/\/ami.mr\/fr\/wp-json\/wp\/v2\/posts\/90390","targetHints":{"allow":["GET"]}}],"collection":[{"href":"https:\/\/ami.mr\/fr\/wp-json\/wp\/v2\/posts"}],"about":[{"href":"https:\/\/ami.mr\/fr\/wp-json\/wp\/v2\/types\/post"}],"author":[{"embeddable":true,"href":"https:\/\/ami.mr\/fr\/wp-json\/wp\/v2\/users\/1"}],"replies":[{"embeddable":true,"href":"https:\/\/ami.mr\/fr\/wp-json\/wp\/v2\/comments?post=90390"}],"version-history":[{"count":1,"href":"https:\/\/ami.mr\/fr\/wp-json\/wp\/v2\/posts\/90390\/revisions"}],"predecessor-version":[{"id":190516,"href":"https:\/\/ami.mr\/fr\/wp-json\/wp\/v2\/posts\/90390\/revisions\/190516"}],"wp:featuredmedia":[{"embeddable":true,"href":"https:\/\/ami.mr\/fr\/wp-json\/wp\/v2\/media\/190517"}],"wp:attachment":[{"href":"https:\/\/ami.mr\/fr\/wp-json\/wp\/v2\/media?parent=90390"}],"wp:term":[{"taxonomy":"category","embeddable":true,"href":"https:\/\/ami.mr\/fr\/wp-json\/wp\/v2\/categories?post=90390"},{"taxonomy":"post_tag","embeddable":true,"href":"https:\/\/ami.mr\/fr\/wp-json\/wp\/v2\/tags?post=90390"}],"curies":[{"name":"wp","href":"https:\/\/api.w.org\/{rel}","templated":true}]}}