{"id":90389,"date":"2021-09-27T19:44:08","date_gmt":"2021-09-27T19:44:08","guid":{"rendered":"http:\/\/192.168.64.2\/fr\/index.php\/2021\/09\/27\/nouadhibou-approvisionnement-de-24-boutiques-de-vente-de-produits-alimentaires-subventionnes\/"},"modified":"2022-07-05T08:29:10","modified_gmt":"2022-07-05T08:29:10","slug":"nouadhibou-approvisionnement-de-24-boutiques-de-vente-de-produits-alimentaires-subventionnes","status":"publish","type":"post","link":"https:\/\/ami.mr\/fr\/archives\/90389","title":{"rendered":"Nouadhibou : Approvisionnement de 24 boutiques de vente de produits alimentaires subventionn\u00e9s"},"content":{"rendered":"<p>Les autorit\u00e9s administratives de Nouadhibou ont visit\u00e9 lundi quelques unes des boutiques approvisionn\u00e9es par les magasins du Commissariat \u00e0 la s\u00e9curit\u00e9 alimentaire (CSA) en produits alimentaires de base subventionn\u00e9s.<\/p>\n<p>Cette visite a pour objectif de s\u2019assurer de la vente par ces boutiques des produits alimentaires \u00e0 des prix r\u00e9duits dans la cadre des efforts entrepris par les pouvoirs publics pour rendre ces denr\u00e9es accessibles aux citoyens.<\/p>\n<p>A cette occasion, le directeur de cabinet du wali de Dakhlet-Nouadhibou, M. Cheikh Ould Mohamed El Hacen, a soulign\u00e9 que la visite vise \u00e0 s\u2019informer sur le fonctionnement des 24 boutiques qui ont \u00e9t\u00e9 approvisionn\u00e9es dans le but d\u2019appuyer le pouvoir d\u2019achat des citoyens.<\/p>\n<p>De son c\u00f4t\u00e9, le maire de Nouadhibou, le d\u00e9put\u00e9 El Ghassem Ould Bellal, a lou\u00e9 le r\u00f4le des boutiques en mati\u00e8re de renforcement du pouvoir d\u2019achat des couches vuln\u00e9rables. Il a remerci\u00e9 au nom des populations, les autorit\u00e9s de l\u2019Etat pour l\u2019attention qu\u2019elles pr\u00eatent \u00e0 ces franges, en particulier en cette p\u00e9riode de pand\u00e9mie de covid-19.<\/p>\n<p>Il a, par ailleurs, appel\u00e9 \u00e0 l\u2019augmentation du nombre des boutiques de vente de produits subventionn\u00e9s compte tenu des besoins pressants des habitants de la ville.<\/p>\n<p>La visite s\u2019est d\u00e9roul\u00e9e en pr\u00e9sence du hakem de Nouadhibou, M. Sid\u2019Ahmed Ould Houeibib, du d\u00e9l\u00e9gu\u00e9 r\u00e9gional du CSA et des autorit\u00e9s s\u00e9curitaires de la wilaya.<\/p>\n","protected":false},"excerpt":{"rendered":"<p>Les autorit\u00e9s administratives de Nouadhibou ont visit\u00e9 lundi quelques unes des boutiques approvisionn\u00e9es par les magasins du Commissariat \u00e0 la s\u00e9curit\u00e9 alimentaire (CSA) en produits alimentaires de base subventionn\u00e9s<\/p>\n","protected":false},"author":1,"featured_media":0,"comment_status":"closed","ping_status":"closed","sticky":false,"template":"","format":"standard","meta":{"footnotes":""},"categories":[8672],"tags":[62482,63717,63478],"class_list":["post-90389","post","type-post","status-publish","format-standard","hentry","category-8672","tag-nouadhibou","tag-sbechire","tag-syde"],"_links":{"self":[{"href":"https:\/\/ami.mr\/fr\/wp-json\/wp\/v2\/posts\/90389","targetHints":{"allow":["GET"]}}],"collection":[{"href":"https:\/\/ami.mr\/fr\/wp-json\/wp\/v2\/posts"}],"about":[{"href":"https:\/\/ami.mr\/fr\/wp-json\/wp\/v2\/types\/post"}],"author":[{"embeddable":true,"href":"https:\/\/ami.mr\/fr\/wp-json\/wp\/v2\/users\/1"}],"replies":[{"embeddable":true,"href":"https:\/\/ami.mr\/fr\/wp-json\/wp\/v2\/comments?post=90389"}],"version-history":[{"count":1,"href":"https:\/\/ami.mr\/fr\/wp-json\/wp\/v2\/posts\/90389\/revisions"}],"predecessor-version":[{"id":190515,"href":"https:\/\/ami.mr\/fr\/wp-json\/wp\/v2\/posts\/90389\/revisions\/190515"}],"wp:attachment":[{"href":"https:\/\/ami.mr\/fr\/wp-json\/wp\/v2\/media?parent=90389"}],"wp:term":[{"taxonomy":"category","embeddable":true,"href":"https:\/\/ami.mr\/fr\/wp-json\/wp\/v2\/categories?post=90389"},{"taxonomy":"post_tag","embeddable":true,"href":"https:\/\/ami.mr\/fr\/wp-json\/wp\/v2\/tags?post=90389"}],"curies":[{"name":"wp","href":"https:\/\/api.w.org\/{rel}","templated":true}]}}