{"id":90387,"date":"2021-09-27T18:31:36","date_gmt":"2021-09-27T18:31:36","guid":{"rendered":"http:\/\/192.168.64.2\/fr\/index.php\/2021\/09\/27\/le-ministre-de-la-defense-nationale-recoit-le-commandant-de-la-force-barkhane-2\/"},"modified":"2022-07-05T08:29:03","modified_gmt":"2022-07-05T08:29:03","slug":"le-ministre-de-la-defense-nationale-recoit-le-commandant-de-la-force-barkhane-2","status":"publish","type":"post","link":"https:\/\/ami.mr\/fr\/archives\/90387","title":{"rendered":"Le ministre de la D\u00e9fense nationale re\u00e7oit le commandant de la Force Barkhane"},"content":{"rendered":"<p>Le ministre de la D\u00e9fense nationale, M. Hanena Ould Sidi, a re\u00e7u lundi, le commandant des forces fran\u00e7aises au Sahel &#8220;Barkhane&#8221;, le g\u00e9n\u00e9ral Laurent Michon.<\/p>\n<p>L&#8217;entretien qui s&#8217;est d\u00e9roul\u00e9 en pr\u00e9sence du contre-amiral Ahmed Benaouf, commandant du troisi\u00e8me bureau de l&#8217;\u00e9tat-major g\u00e9n\u00e9ral des arm\u00e9es et de l&#8217;ambassadeur de France en Mauritanie, Son Excellence M. Robert Mouli\u00e9, a port\u00e9 sur les relations de coop\u00e9ration entre la Mauritanie et la France, notamment dans les domaines li\u00e9s \u00e0 l&#8217;action de la Force Barkhane.<\/p>\n","protected":false},"excerpt":{"rendered":"<p>Le ministre de la D\u00e9fense nationale, M. Hanena Ould Sidi, a re\u00e7u lundi, le commandant des forces fran\u00e7aises au Sahel &#8220;Barkhane&#8221;, le g\u00e9n\u00e9ral Laurent Michon.<\/p>\n<p>L&#8217;entretien qui s&#8217;est d\u00e9roul\u00e9 en pr\u00e9sence du contre-amiral Ahmed Benaouf, commandant du troisi\u00e8me bureau de l&#8217;\u00e9tat-major g\u00e9n\u00e9ral des arm\u00e9es et de l&#8217;ambassadeur de France en Mauritanie, Son Excellence M<\/p>\n","protected":false},"author":1,"featured_media":190512,"comment_status":"closed","ping_status":"closed","sticky":false,"template":"","format":"standard","meta":{"footnotes":""},"categories":[],"tags":[63990,62476,63717,63478],"class_list":["post-90387","post","type-post","status-publish","format-standard","has-post-thumbnail","hentry","tag-activites-gouvernementales","tag-nouakchott","tag-sbechire","tag-syde"],"_links":{"self":[{"href":"https:\/\/ami.mr\/fr\/wp-json\/wp\/v2\/posts\/90387","targetHints":{"allow":["GET"]}}],"collection":[{"href":"https:\/\/ami.mr\/fr\/wp-json\/wp\/v2\/posts"}],"about":[{"href":"https:\/\/ami.mr\/fr\/wp-json\/wp\/v2\/types\/post"}],"author":[{"embeddable":true,"href":"https:\/\/ami.mr\/fr\/wp-json\/wp\/v2\/users\/1"}],"replies":[{"embeddable":true,"href":"https:\/\/ami.mr\/fr\/wp-json\/wp\/v2\/comments?post=90387"}],"version-history":[{"count":1,"href":"https:\/\/ami.mr\/fr\/wp-json\/wp\/v2\/posts\/90387\/revisions"}],"predecessor-version":[{"id":190511,"href":"https:\/\/ami.mr\/fr\/wp-json\/wp\/v2\/posts\/90387\/revisions\/190511"}],"wp:featuredmedia":[{"embeddable":true,"href":"https:\/\/ami.mr\/fr\/wp-json\/wp\/v2\/media\/190512"}],"wp:attachment":[{"href":"https:\/\/ami.mr\/fr\/wp-json\/wp\/v2\/media?parent=90387"}],"wp:term":[{"taxonomy":"category","embeddable":true,"href":"https:\/\/ami.mr\/fr\/wp-json\/wp\/v2\/categories?post=90387"},{"taxonomy":"post_tag","embeddable":true,"href":"https:\/\/ami.mr\/fr\/wp-json\/wp\/v2\/tags?post=90387"}],"curies":[{"name":"wp","href":"https:\/\/api.w.org\/{rel}","templated":true}]}}