{"id":90386,"date":"2021-09-27T18:22:12","date_gmt":"2021-09-27T18:22:12","guid":{"rendered":"http:\/\/192.168.64.2\/fr\/index.php\/2021\/09\/27\/le-president-de-lorganisation-de-soutien-et-dintegration-des-albinos-nous-avons-besoin-dune-assurance-maladie\/"},"modified":"2022-07-05T08:28:57","modified_gmt":"2022-07-05T08:28:57","slug":"le-president-de-lorganisation-de-soutien-et-dintegration-des-albinos-nous-avons-besoin-dune-assurance-maladie","status":"publish","type":"post","link":"https:\/\/ami.mr\/fr\/archives\/90386","title":{"rendered":"Le pr\u00e9sident de l&#8217;organisation de soutien et d&#8217;int\u00e9gration des albinos : \u00ab Nous avons besoin d&#8217;une assurance maladie \u00bb"},"content":{"rendered":"<p>Le pr\u00e9sident de l&#8217;Association mauritanienne pour le soutien et l&#8217;int\u00e9gration des albinos, M. Najib Ould Dah, a indiqu\u00e9 lors d\u2019une conf\u00e9rence de presse, aujourd&#8217;hui, lundi \u00e0 Nouakchott, que son ONG a tenu plusieurs r\u00e9unions avec des organisations de d\u00e9fense des droits humains, des instances et des partis politiques, au cours desquelles ils ont discut\u00e9 de la situation des personnes atteintes d&#8217;albinisme dans le pays et de la n\u00e9cessit\u00e9 de les impliquer dans la vie active.<\/p>\n<p>Il a insist\u00e9 sur la n\u00e9cessit\u00e9 d&#8217;\u00e9liminer les discriminations dont souffrent les albinos, appelant les pouvoirs publics \u00e0 allouer \u00e0 concevoir et mettre en \u0153uvre des programmes sp\u00e9cifiques \u00e0 leur profit ainsi qu\u2019\u00e0 \u0153uvrer pour les impliquer dans les politiques d&#8217;emploi par la formation, la qualification et le recrutement afin de surmonter.<\/p>\n<p>Il s\u2019est r\u00e9joui du fait que le programme de Son Excellence le Pr\u00e9sident de la R\u00e9publique, M. Mohamed Ould Cheikh El Ghazouani, accorde une grande priorit\u00e9 aux groupes vuln\u00e9rables et d\u00e9favoris\u00e9s.<\/p>\n<p>Il a rappel\u00e9 que l&#8217;Association travaille sans rel\u00e2che, depuis sa cr\u00e9ation en 2012, \u00e0 l&#8217;accompagnement des personnes atteintes d&#8217;albinisme et de favoriser une prise de conscience soci\u00e9tale de ce ph\u00e9nom\u00e8ne. Il a appel\u00e9 \u00e0 l\u2019int\u00e9gration des albinos dans les groupes couverts par l&#8217;assurance maladie et de leur apporter le soutien n\u00e9cessaire pour qu\u2019ils puissent surmonter les nombreuses d\u00e9fis auxquels ils sont confront\u00e9s.<\/p>\n","protected":false},"excerpt":{"rendered":"<p>Le pr\u00e9sident de l&#8217;Association mauritanienne pour le soutien et l&#8217;int\u00e9gration des albinos, M. Najib Ould Dah, a indiqu\u00e9 lors d\u2019une conf\u00e9rence de presse, aujourd&#8217;hui, lundi<\/p>\n","protected":false},"author":1,"featured_media":190510,"comment_status":"closed","ping_status":"closed","sticky":false,"template":"","format":"standard","meta":{"footnotes":""},"categories":[],"tags":[62476,63717,63996],"class_list":["post-90386","post","type-post","status-publish","format-standard","has-post-thumbnail","hentry","tag-nouakchott","tag-sbechire","tag-societe"],"_links":{"self":[{"href":"https:\/\/ami.mr\/fr\/wp-json\/wp\/v2\/posts\/90386","targetHints":{"allow":["GET"]}}],"collection":[{"href":"https:\/\/ami.mr\/fr\/wp-json\/wp\/v2\/posts"}],"about":[{"href":"https:\/\/ami.mr\/fr\/wp-json\/wp\/v2\/types\/post"}],"author":[{"embeddable":true,"href":"https:\/\/ami.mr\/fr\/wp-json\/wp\/v2\/users\/1"}],"replies":[{"embeddable":true,"href":"https:\/\/ami.mr\/fr\/wp-json\/wp\/v2\/comments?post=90386"}],"version-history":[{"count":1,"href":"https:\/\/ami.mr\/fr\/wp-json\/wp\/v2\/posts\/90386\/revisions"}],"predecessor-version":[{"id":190509,"href":"https:\/\/ami.mr\/fr\/wp-json\/wp\/v2\/posts\/90386\/revisions\/190509"}],"wp:featuredmedia":[{"embeddable":true,"href":"https:\/\/ami.mr\/fr\/wp-json\/wp\/v2\/media\/190510"}],"wp:attachment":[{"href":"https:\/\/ami.mr\/fr\/wp-json\/wp\/v2\/media?parent=90386"}],"wp:term":[{"taxonomy":"category","embeddable":true,"href":"https:\/\/ami.mr\/fr\/wp-json\/wp\/v2\/categories?post=90386"},{"taxonomy":"post_tag","embeddable":true,"href":"https:\/\/ami.mr\/fr\/wp-json\/wp\/v2\/tags?post=90386"}],"curies":[{"name":"wp","href":"https:\/\/api.w.org\/{rel}","templated":true}]}}