{"id":90383,"date":"2021-09-27T13:13:32","date_gmt":"2021-09-27T13:13:32","guid":{"rendered":"http:\/\/192.168.64.2\/fr\/index.php\/2021\/09\/27\/pluviometrie-enregistree-dans-la-soiree-du-dimanche\/"},"modified":"2022-07-05T08:28:45","modified_gmt":"2022-07-05T08:28:45","slug":"pluviometrie-enregistree-dans-la-soiree-du-dimanche","status":"publish","type":"post","link":"https:\/\/ami.mr\/fr\/archives\/90383","title":{"rendered":"Pluviom\u00e9trie enregistr\u00e9e dans la soir\u00e9e du dimanche"},"content":{"rendered":"<p>Les quantit\u00e9s de pluies suivantes ont \u00e9t\u00e9 enregistr\u00e9es au cours de la soir\u00e9e du dimanche 26 septembre 2021, dans les localit\u00e9s ci-apr\u00e8s, selon le r\u00e9seau administratif de commandement (RAC) du minist\u00e8re de l&#8217;Int\u00e9rieur et de la D\u00e9centralisation:<\/p>\n<p>Hodh Charghi:<\/p>\n<p>Fassala&#8230;&#8230;&#8230;&#8230;&#8230;11 mm<\/p>\n<p>Bassikounou&#8230;&#8230;&#8230;&#8230;.08 mm<\/p>\n<p>Lehsey Lebyadh&#8230;&#8230;..19 mm<\/p>\n<p>El Masgoul Lakhdhar&#8230;05 mm<\/p>\n<p>Tembedra&#8230;&#8230;&#8230;&#8230;..06 mm<\/p>\n<p>Hodh El Gharbi:<\/p>\n<p>Tintane&#8230;&#8230;&#8230;&#8230;&#8230;02 mm<\/p>\n<p>Tamcheket&#8230;&#8230;&#8230;&#8230;.04 mm<\/p>\n<p>Guogui Zemal&#8230;&#8230;&#8230;.25 mm<\/p>\n<p>Medbougou&#8230;&#8230;&#8230;&#8230;.08 mm<\/p>\n<p>Kobeni&#8230;&#8230;&#8230;&#8230;&#8230;.02 mm<\/p>\n<p>Touil&#8230;&#8230;&#8230;&#8230;&#8230;..03 mm<\/p>\n<p>Lehreijat&#8230;&#8230;&#8230;&#8230;.05 mm<\/p>\n<p>Guidimakha:<\/p>\n<p>Boueta&#8230;&#8230;&#8230;&#8230;&#8230;.20 mm<\/p>\n<p>Seleghou&#8230;&#8230;&#8230;&#8230;..02 mm<\/p>\n<p>Ouad N\u2019aj&#8230;&#8230;&#8230;&#8230;.20 mm<\/p>\n<p>El Ketane&#8230;&#8230;&#8230;&#8230;.05 mm<\/p>\n<p>Boulhaya&#8230;&#8230;&#8230;&#8230;..06 mm<\/p>\n<p>Meslem&#8230;&#8230;&#8230;&#8230;&#8230;.04 mm<\/p>\n","protected":false},"excerpt":{"rendered":"<p>Les quantit\u00e9s de pluies suivantes ont \u00e9t\u00e9 enregistr\u00e9es au cours de la soir\u00e9e du dimanche 26 septembre 2021, dans les localit\u00e9s ci-apr\u00e8s, selon le r\u00e9seau administratif de commandement (RAC) du minist\u00e8re de l&#8217;Int\u00e9rieur et de la D\u00e9centralisation:<\/p>\n<p>Hodh Charghi:<\/p>\n<p>Fassala<\/p>\n","protected":false},"author":1,"featured_media":190504,"comment_status":"closed","ping_status":"closed","sticky":false,"template":"","format":"standard","meta":{"footnotes":""},"categories":[],"tags":[63992,63745,62476,63478],"class_list":["post-90383","post","type-post","status-publish","format-standard","has-post-thumbnail","hentry","tag-environnement-meteo","tag-jemal","tag-nouakchott","tag-syde"],"_links":{"self":[{"href":"https:\/\/ami.mr\/fr\/wp-json\/wp\/v2\/posts\/90383","targetHints":{"allow":["GET"]}}],"collection":[{"href":"https:\/\/ami.mr\/fr\/wp-json\/wp\/v2\/posts"}],"about":[{"href":"https:\/\/ami.mr\/fr\/wp-json\/wp\/v2\/types\/post"}],"author":[{"embeddable":true,"href":"https:\/\/ami.mr\/fr\/wp-json\/wp\/v2\/users\/1"}],"replies":[{"embeddable":true,"href":"https:\/\/ami.mr\/fr\/wp-json\/wp\/v2\/comments?post=90383"}],"version-history":[{"count":1,"href":"https:\/\/ami.mr\/fr\/wp-json\/wp\/v2\/posts\/90383\/revisions"}],"predecessor-version":[{"id":190503,"href":"https:\/\/ami.mr\/fr\/wp-json\/wp\/v2\/posts\/90383\/revisions\/190503"}],"wp:featuredmedia":[{"embeddable":true,"href":"https:\/\/ami.mr\/fr\/wp-json\/wp\/v2\/media\/190504"}],"wp:attachment":[{"href":"https:\/\/ami.mr\/fr\/wp-json\/wp\/v2\/media?parent=90383"}],"wp:term":[{"taxonomy":"category","embeddable":true,"href":"https:\/\/ami.mr\/fr\/wp-json\/wp\/v2\/categories?post=90383"},{"taxonomy":"post_tag","embeddable":true,"href":"https:\/\/ami.mr\/fr\/wp-json\/wp\/v2\/tags?post=90383"}],"curies":[{"name":"wp","href":"https:\/\/api.w.org\/{rel}","templated":true}]}}