{"id":90382,"date":"2021-09-27T13:02:06","date_gmt":"2021-09-27T13:02:06","guid":{"rendered":"http:\/\/192.168.64.2\/fr\/index.php\/2021\/09\/27\/formation-de-150-educatrices-denseignement-prescolaire\/"},"modified":"2022-07-05T08:28:41","modified_gmt":"2022-07-05T08:28:41","slug":"formation-de-150-educatrices-denseignement-prescolaire","status":"publish","type":"post","link":"https:\/\/ami.mr\/fr\/archives\/90382","title":{"rendered":"Formation de 150 \u00e9ducatrices d\u2019enseignement pr\u00e9scolaire"},"content":{"rendered":"<p>Le minist\u00e8re de l&#8217;Action sociale, de l&#8217;Enfance et de la Famille a organis\u00e9, lundi \u00e0 Nouakchott, un atelier de formation au profit de 150 \u00e9ducatrices nouvellement recrut\u00e9es pour l\u2019enseignement et l\u2019encadrement pr\u00e9scolaires.<\/p>\n<p>Au cours de cet atelier de trois jours, les participantes se familiariseront avec le programme d&#8217;\u00e9ducation pr\u00e9scolaire et  les techniques de p\u00e9dagogie pour les tout petits.<\/p>\n<p>Le secr\u00e9taire g\u00e9n\u00e9ral du minist\u00e8re de l&#8217;Action Sociale, de l&#8217;Enfance et de la Famille, M. Sadvi Ould Sidi Mohamed, a mis l\u2019accent sur l\u2019\u00e9ducation des enfants d\u00e8s leur jeune \u00e2ge, pr\u00e9cisant que c\u2019est au cours de cette p\u00e9riode que se forment les traits de leurs personnalit\u00e9s, que se forgent leurs pr\u00e9dispositions et que se d\u00e9veloppe leur intelligence. Il a fait observer que les soci\u00e9t\u00e9s \u00e9volu\u00e9es accordent un grand int\u00e9r\u00eat \u00e0 l\u2019encadrement des enfants au cours de cette p\u00e9riode qui est d\u00e9cisive pour leur \u00e9ducation future.<\/p>\n<p>Il a ajout\u00e9 que le secteur a entrepris un certain nombre de programmes et de projets qui s\u2019appuient sur des politiques et strat\u00e9gies visant \u00e0 pr\u00e9parer les enfants aux cycles ult\u00e9rieurs de l\u2019enseignement par leur socialisation , leur formation  par le jeu et leur apprentissage de la r\u00e9flexion.<\/p>\n<p>Le secr\u00e9taire g\u00e9n\u00e9ral a remerci\u00e9 les partenaires au d\u00e9veloppement de la Mauritanie, en particulier le Fonds des Nations Unies pour l&#8217;enfance (UNICEF), pour leur soutien continu.<\/p>\n<p>La c\u00e9r\u00e9monie d\u2019ouverture des travaux de l\u2019atelier s\u2019est d\u00e9roul\u00e9e en pr\u00e9sence du secr\u00e9taire g\u00e9n\u00e9ral du minist\u00e8re de l&#8217;Emploi et de la Formation Professionnelle, du wali de Nouakchott-Ouest, du maire Tevragh-Zeina et d\u2019un repr\u00e9sentant de l\u2019UNICEF.<\/p>\n","protected":false},"excerpt":{"rendered":"<p>Le minist\u00e8re de l&#8217;Action sociale, de l&#8217;Enfance et de la Famille a organis\u00e9, lundi \u00e0 Nouakchott, un atelier de formation au profit de 150 \u00e9ducatrices nouvellement recrut\u00e9es pour l\u2019enseignement et l\u2019encadrement pr\u00e9scolaires<\/p>\n","protected":false},"author":1,"featured_media":190502,"comment_status":"closed","ping_status":"closed","sticky":false,"template":"","format":"standard","meta":{"footnotes":""},"categories":[],"tags":[63745,62476,63996,63478],"class_list":["post-90382","post","type-post","status-publish","format-standard","has-post-thumbnail","hentry","tag-jemal","tag-nouakchott","tag-societe","tag-syde"],"_links":{"self":[{"href":"https:\/\/ami.mr\/fr\/wp-json\/wp\/v2\/posts\/90382","targetHints":{"allow":["GET"]}}],"collection":[{"href":"https:\/\/ami.mr\/fr\/wp-json\/wp\/v2\/posts"}],"about":[{"href":"https:\/\/ami.mr\/fr\/wp-json\/wp\/v2\/types\/post"}],"author":[{"embeddable":true,"href":"https:\/\/ami.mr\/fr\/wp-json\/wp\/v2\/users\/1"}],"replies":[{"embeddable":true,"href":"https:\/\/ami.mr\/fr\/wp-json\/wp\/v2\/comments?post=90382"}],"version-history":[{"count":1,"href":"https:\/\/ami.mr\/fr\/wp-json\/wp\/v2\/posts\/90382\/revisions"}],"predecessor-version":[{"id":190501,"href":"https:\/\/ami.mr\/fr\/wp-json\/wp\/v2\/posts\/90382\/revisions\/190501"}],"wp:featuredmedia":[{"embeddable":true,"href":"https:\/\/ami.mr\/fr\/wp-json\/wp\/v2\/media\/190502"}],"wp:attachment":[{"href":"https:\/\/ami.mr\/fr\/wp-json\/wp\/v2\/media?parent=90382"}],"wp:term":[{"taxonomy":"category","embeddable":true,"href":"https:\/\/ami.mr\/fr\/wp-json\/wp\/v2\/categories?post=90382"},{"taxonomy":"post_tag","embeddable":true,"href":"https:\/\/ami.mr\/fr\/wp-json\/wp\/v2\/tags?post=90382"}],"curies":[{"name":"wp","href":"https:\/\/api.w.org\/{rel}","templated":true}]}}