{"id":90380,"date":"2021-09-27T17:52:40","date_gmt":"2021-09-27T17:52:40","guid":{"rendered":"http:\/\/192.168.64.2\/fr\/index.php\/2021\/09\/27\/signature-dun-memorandum-pour-le-developpement-dun-projet-dhydrogene-vert\/"},"modified":"2022-07-05T08:28:33","modified_gmt":"2022-07-05T08:28:33","slug":"signature-dun-memorandum-pour-le-developpement-dun-projet-dhydrogene-vert","status":"publish","type":"post","link":"https:\/\/ami.mr\/fr\/archives\/90380","title":{"rendered":"Signature d\u2019un m\u00e9morandum pour le d\u00e9veloppement d\u2019un projet d\u2018hydrog\u00e8ne vert"},"content":{"rendered":"<p>Un m\u00e9morandum a \u00e9t\u00e9 sign\u00e9 aujourd&#8217;hui, lundi, entre le minist\u00e8re du P\u00e9trole, des Mines et de l&#8217;\u00c9nergie et la soci\u00e9t\u00e9 Chariot, sp\u00e9cialis\u00e9e des \u00e9nergies de transition.<\/p>\n<p>Ce m\u00e9morandum vise \u00e0 r\u00e9aliser l&#8217;un des plus importants projets d&#8217;hydrog\u00e8ne en Afrique.<\/p>\n<p>Le nouveau projet &#8221; Noor&#8221; pour l&#8217;hydrog\u00e8ne vert qui fait l&#8217;objet de ce m\u00e9morandum, permettra notamment de produire jusqu&#8217;\u00e0 10 gigawatts d&#8217;\u00e9nergie propre et n\u00e9cessitera la mobilisation d&#8217;une enveloppe totale pouvant aller jusqu&#8217;\u00e0 3,5 milliards de dollars am\u00e9ricains.<\/p>\n<p>En marge de la signature, M. Abdessalam Mohamed Saleh, mnistre du P\u00e9trole, des Mines et de l&#8217;\u00c9nergie a d\u00e9clar\u00e9 \u00abNotre pays cherche \u00e0 s&#8217;assurer une position de leader sur la sc\u00e8ne mondiale de l&#8217;\u00e9conomie de l&#8217;hydrog\u00e8ne vert dans les prochaines d\u00e9cennies en raison de ses potentialit\u00e9s, qui comprennent notamment : une \u00e9nergie solaire et \u00e9olienne abondante, de vastes zones d\u00e9sertiques, la proximit\u00e9 de l&#8217;oc\u00e9an Atlantique, en plus de sa situation g\u00e9ographique distingu\u00e9e, \u00e0 proximit\u00e9 des march\u00e9s europ\u00e9ens et am\u00e9ricains.&#8221;<\/p>\n<p>Il a ajout\u00e9 : \u00ab Le d\u00e9veloppement de l&#8217;industrie de l&#8217;hydrog\u00e8ne vert en Mauritanie promet d&#8217;apporter des avantages environnementaux, \u00e9conomiques et sociaux \u00e0 notre pays. Nous avons la capacit\u00e9 et la volont\u00e9 de faire de notre pays un leader mondial de la production d&#8217;hydrog\u00e8ne \u00e0 partir de sources d&#8217;\u00e9nergie renouvelables. Nous sommes heureux de signer cet accord avec Chariot et nous esp\u00e9rons \u00e9tablir un partenariat long et fructueux \u00bb.<\/p>\n<p>Pour sa part M. Adonis Pouroulis, PDG de la soci\u00e9t\u00e9 CHARIOT a d\u00e9clar\u00e9, que le protocole vise \u00e0 exploiter le potentiel de l&#8217;hydrog\u00e8ne vert en Mauritanie.<\/p>\n<p>Il a soulign\u00e9 que la soci\u00e9t\u00e9 CHARIOT a une riche histoire d&#8217;investissements importants ant\u00e9rieurs et de mobilisation de partenaires mondiaux pour des projets et qu\u2019ils sont impatients de travailler avec le gouvernement mauritanien une nouvelle fois pour acc\u00e9l\u00e9rer la mise en place de ce partenariat \u00e0 travers le projet \u00ab Noor \u00bb.<\/p>\n","protected":false},"excerpt":{"rendered":"<p>Un m\u00e9morandum a \u00e9t\u00e9 sign\u00e9 aujourd&#8217;hui, lundi, entre le minist\u00e8re du P\u00e9trole, des Mines et de l&#8217;\u00c9nergie et la soci\u00e9t\u00e9 Chariot, sp\u00e9cialis\u00e9e des \u00e9nergies de transition.<\/p>\n<p>Ce m\u00e9morandum vise \u00e0 r\u00e9aliser l&#8217;un des plus importants projets d&#8217;hydrog\u00e8ne en Afrique<\/p>\n","protected":false},"author":1,"featured_media":190498,"comment_status":"closed","ping_status":"closed","sticky":false,"template":"","format":"standard","meta":{"footnotes":""},"categories":[],"tags":[63990,62476,63717,63478],"class_list":["post-90380","post","type-post","status-publish","format-standard","has-post-thumbnail","hentry","tag-activites-gouvernementales","tag-nouakchott","tag-sbechire","tag-syde"],"_links":{"self":[{"href":"https:\/\/ami.mr\/fr\/wp-json\/wp\/v2\/posts\/90380","targetHints":{"allow":["GET"]}}],"collection":[{"href":"https:\/\/ami.mr\/fr\/wp-json\/wp\/v2\/posts"}],"about":[{"href":"https:\/\/ami.mr\/fr\/wp-json\/wp\/v2\/types\/post"}],"author":[{"embeddable":true,"href":"https:\/\/ami.mr\/fr\/wp-json\/wp\/v2\/users\/1"}],"replies":[{"embeddable":true,"href":"https:\/\/ami.mr\/fr\/wp-json\/wp\/v2\/comments?post=90380"}],"version-history":[{"count":1,"href":"https:\/\/ami.mr\/fr\/wp-json\/wp\/v2\/posts\/90380\/revisions"}],"predecessor-version":[{"id":190497,"href":"https:\/\/ami.mr\/fr\/wp-json\/wp\/v2\/posts\/90380\/revisions\/190497"}],"wp:featuredmedia":[{"embeddable":true,"href":"https:\/\/ami.mr\/fr\/wp-json\/wp\/v2\/media\/190498"}],"wp:attachment":[{"href":"https:\/\/ami.mr\/fr\/wp-json\/wp\/v2\/media?parent=90380"}],"wp:term":[{"taxonomy":"category","embeddable":true,"href":"https:\/\/ami.mr\/fr\/wp-json\/wp\/v2\/categories?post=90380"},{"taxonomy":"post_tag","embeddable":true,"href":"https:\/\/ami.mr\/fr\/wp-json\/wp\/v2\/tags?post=90380"}],"curies":[{"name":"wp","href":"https:\/\/api.w.org\/{rel}","templated":true}]}}