{"id":90343,"date":"2021-09-23T18:19:17","date_gmt":"2021-09-23T18:19:17","guid":{"rendered":"http:\/\/192.168.64.2\/fr\/index.php\/2021\/09\/23\/hodh-chargui-atelier-de-formation-au-profit-des-maires\/"},"modified":"2022-07-05T08:26:17","modified_gmt":"2022-07-05T08:26:17","slug":"hodh-chargui-atelier-de-formation-au-profit-des-maires","status":"publish","type":"post","link":"https:\/\/ami.mr\/fr\/archives\/90343","title":{"rendered":"Hodh Chargui : Atelier de formation au profit des maires"},"content":{"rendered":"<p>Un atelier de formation au profit des maires du Hodh Chargui, a \u00e9t\u00e9 ouvert jeudi \u00e0 N\u00e9ma. La rencontre organis\u00e9e par l\u2019association r\u00e9gionale des maires en collaboration avec le haut-commissariat aux r\u00e9fugi\u00e9s, vise \u00e0 renforcer la participation des maires dans toutes les  actions en faveur du d\u00e9veloppement local.<\/p>\n<p>Dans un mot prononc\u00e9 pour la circonstance, le wali du Hodh Chargui, M. Cheikh Ould Abdallahi Ould Ewah, a indiqu\u00e9 que l\u2019atelier vise \u00e0 valoriser le r\u00f4le des maires, pour atteindre les objectifs de d\u00e9veloppement local. Selon lui, le gouvernement \u0153uvre \u00e0 cr\u00e9er les conditions permettant aux municipalit\u00e9s, d\u2019\u00eatre la pierre angulaire d\u2019un d\u00e9veloppement inclusif.<\/p>\n<p>Le wali a par ailleurs remerci\u00e9 l\u2019association des maires et ses partenaires au d\u00e9veloppement, pour les efforts constants d\u00e9ploy\u00e9s pour le d\u00e9veloppement de la wilaya.<\/p>\n<p>A son tour, le coordinateur du projet ProNexus, M. Hamza Bakar, a soulign\u00e9 que le projet financ\u00e9 par la coop\u00e9ration allemande vise, dans le cadre de ses interventions relatives \u00e0 l\u2019acc\u00e8s aux services de base, \u00e0 renforcer les capacit\u00e9s des r\u00e9fugi\u00e9s et des populations d&#8217;accueil et \u00e0 stimuler la coordination au niveau local afin de soutenir le d\u00e9veloppement durable.<\/p>\n<p>Quant au maire de la commune de N\u00e9ma, M. Sidi Mohamed Ould Mohamed, il a salu\u00e9 le choix de N\u00e9ma, pour accueillir l\u2019atelier sur lequel les populations fondent beaucoup d&#8217;espoirs, notamment pour ce qui est de l\u2019atteinte des objectifs de d\u00e9veloppement durable.<\/p>\n<p>Enfin, le pr\u00e9sident l\u2019Union des maires du Hodh Chargui, maire de Timb\u00e9dra, M. Ahmedou Ould Mohamedou M\u2019Haymid, a soulign\u00e9 que la d\u00e9centralisation fait l&#8217;objet d\u2019une grande attention du Pr\u00e9sident de la R\u00e9publique. Ce que traduit la validation de la strat\u00e9gie nationale de d\u00e9centralisation et la cr\u00e9ation du conseil national de la d\u00e9centralisation et du d\u00e9veloppement local.<\/p>\n","protected":false},"excerpt":{"rendered":"<p>Un atelier de formation au profit des maires du Hodh Chargui, a \u00e9t\u00e9 ouvert jeudi \u00e0 N\u00e9ma. La rencontre organis\u00e9e par l\u2019association r\u00e9gionale des maires en collaboration avec le haut-commissariat aux r\u00e9fugi\u00e9s, vise \u00e0 renforcer la participation des maires dans toutes les  actions en faveur du d\u00e9veloppement local<\/p>\n","protected":false},"author":1,"featured_media":190430,"comment_status":"closed","ping_status":"closed","sticky":false,"template":"","format":"standard","meta":{"footnotes":""},"categories":[8672],"tags":[62490,63478],"class_list":["post-90343","post","type-post","status-publish","format-standard","has-post-thumbnail","hentry","category-8672","tag-nema","tag-syde"],"_links":{"self":[{"href":"https:\/\/ami.mr\/fr\/wp-json\/wp\/v2\/posts\/90343","targetHints":{"allow":["GET"]}}],"collection":[{"href":"https:\/\/ami.mr\/fr\/wp-json\/wp\/v2\/posts"}],"about":[{"href":"https:\/\/ami.mr\/fr\/wp-json\/wp\/v2\/types\/post"}],"author":[{"embeddable":true,"href":"https:\/\/ami.mr\/fr\/wp-json\/wp\/v2\/users\/1"}],"replies":[{"embeddable":true,"href":"https:\/\/ami.mr\/fr\/wp-json\/wp\/v2\/comments?post=90343"}],"version-history":[{"count":1,"href":"https:\/\/ami.mr\/fr\/wp-json\/wp\/v2\/posts\/90343\/revisions"}],"predecessor-version":[{"id":190429,"href":"https:\/\/ami.mr\/fr\/wp-json\/wp\/v2\/posts\/90343\/revisions\/190429"}],"wp:featuredmedia":[{"embeddable":true,"href":"https:\/\/ami.mr\/fr\/wp-json\/wp\/v2\/media\/190430"}],"wp:attachment":[{"href":"https:\/\/ami.mr\/fr\/wp-json\/wp\/v2\/media?parent=90343"}],"wp:term":[{"taxonomy":"category","embeddable":true,"href":"https:\/\/ami.mr\/fr\/wp-json\/wp\/v2\/categories?post=90343"},{"taxonomy":"post_tag","embeddable":true,"href":"https:\/\/ami.mr\/fr\/wp-json\/wp\/v2\/tags?post=90343"}],"curies":[{"name":"wp","href":"https:\/\/api.w.org\/{rel}","templated":true}]}}