{"id":89049,"date":"2021-06-29T22:36:02","date_gmt":"2021-06-29T22:36:02","guid":{"rendered":"http:\/\/192.168.64.2\/fr\/index.php\/2021\/06\/29\/des-pluies-attendues-dans-les-hodh-en-assaba-au-guidimakh-et-au-gorgol\/"},"modified":"2022-07-05T07:03:38","modified_gmt":"2022-07-05T07:03:38","slug":"des-pluies-attendues-dans-les-hodh-en-assaba-au-guidimakh-et-au-gorgol","status":"publish","type":"post","link":"https:\/\/ami.mr\/fr\/archives\/89049","title":{"rendered":"Des pluies attendues dans les Hodh, en Assaba, au Guidimakh et au Gorgol"},"content":{"rendered":"<p>Selon les pr\u00e9visions de l\u2019Office national de m\u00e9t\u00e9orologie, le temps sera caract\u00e9ris\u00e9 mercredi par le passage du front intertropical (FIT) par une ligne qui va des environs de Nouakchott, au Brakna, au Tagant, en Adrar, au sud de l&#8217;Assaba et au nord des deux Hodh.<\/p>\n<p>Des pluies faibles \u00e0 mod\u00e9r\u00e9es pourraient tomber dans les deux Hodh, dans le sud de l\u2019Assaba, du Guidimakha et du Gorgol, tandis que la visibilit\u00e9 sera affect\u00e9e par la poussi\u00e8re au nord de Tiris Zemmour, en Inchiri, \u00e0 Dakhlet Nouadhibou et au nord des Hodh.<\/p>\n<p>A Nouakchott, le vent sera mod\u00e9r\u00e9 \u00e0 fort, de secteur nord \u00e0 nord-ouest, avec une bonne intrusion d&#8217;air marin humide dans l&#8217;apr\u00e8s-midi, avec une visibilit\u00e9 affect\u00e9e par la poussi\u00e8re et un ciel d\u00e9gag\u00e9.<\/p>\n<p>La mer, elle sera l\u00e9g\u00e8rement turbulente avec une houle de secteur nord. La hauteur des vagues oscillera entre 1,25 et 2,5 m\u00e8tres.<\/p>\n<p>Voici les temp\u00e9ratures minimales et maximales attendues au cours des prochaines vingt-quatre heures :<\/p>\n<p>Bir Moghre\u00efn&#8230;&#8230;&#8230;&#8230;18-39<\/p>\n<p>Zou\u00e9rate &#8230;&#8230;&#8230;&#8230;&#8230;.24-41<\/p>\n<p>Aoujeft&#8230;&#8230;&#8230;&#8230;&#8230;..28-44<\/p>\n<p>Chinguetti&#8230;&#8230;&#8230;&#8230;.27-42<\/p>\n<p>Atar&#8230;&#8230;&#8230;&#8230;&#8230;&#8230;27-44<\/p>\n<p>Ouadane\u2026\u2026\u2026\u2026 28-42<\/p>\n<p>Akjoujt&#8230;&#8230;&#8230;&#8230;&#8230;.27-44<\/p>\n<p>Nouadhibou&#8230;&#8230;&#8230;&#8230;..18-27<\/p>\n<p>Nouakchott&#8230;&#8230;&#8230;&#8230;&#8230;. 21-30<\/p>\n<p>Boutilimit&#8230;&#8230;&#8230;&#8230;&#8230;..22-39<\/p>\n<p>Aleg&#8230;&#8230;&#8230;&#8230;&#8230;&#8230;&#8230;.23-39<\/p>\n<p>Maghta Lahjar&#8230;&#8230;&#8230;&#8230;.24-41<\/p>\n<p>Bogh\u00e9&#8230;&#8230;&#8230;&#8230;&#8230;&#8230;.23-39<\/p>\n<p>Rosso&#8230;&#8230;&#8230;&#8230;&#8230;&#8230;.22-36<\/p>\n<p>Ka\u00e9di&#8230;&#8230;&#8230;&#8230;..25-39<\/p>\n<p>Maghama \u2026\u2026.. 26 &#8211; 40<\/p>\n<p>Mbout\u2026\u2026\u2026\u2026 26-40<\/p>\n<p>S\u00e9libaby \u2026\u2026\u2026 28-40<\/p>\n<p>Kiffa \u2026\u2026\u2026.. 28-40<\/p>\n<p>Kankossa \u2026\u2026\u2026 28-40<\/p>\n<p>Bark\u00e9ol \u2026\u2026\u2026\u2026.28-40<\/p>\n<p>Tidjikja \u2026\u2026\u2026.. 26-40<\/p>\n<p>Tichitt \u2026\u2026\u2026\u2026. 29-44<\/p>\n<p>A\u00efoun \u2026\u2026\u2026\u2026..28-41<\/p>\n<p>N\u00e9ma \u2026\u2026.29-41<\/p>\n<p>Oualata \u2026..29-40<\/p>\n","protected":false},"excerpt":{"rendered":"<p>Selon les pr\u00e9visions de l\u2019Office national de m\u00e9t\u00e9orologie, le temps sera caract\u00e9ris\u00e9 mercredi par le passage du front intertropical (FIT) par une ligne qui va des environs de Nouakchott, au Brakna, au Tagant, en Adrar, au sud de l&#8217;Assaba et au nord des deux Hodh<\/p>\n","protected":false},"author":1,"featured_media":188030,"comment_status":"closed","ping_status":"closed","sticky":false,"template":"","format":"standard","meta":{"footnotes":""},"categories":[],"tags":[63992,62476,63717],"class_list":["post-89049","post","type-post","status-publish","format-standard","has-post-thumbnail","hentry","tag-environnement-meteo","tag-nouakchott","tag-sbechire"],"_links":{"self":[{"href":"https:\/\/ami.mr\/fr\/wp-json\/wp\/v2\/posts\/89049","targetHints":{"allow":["GET"]}}],"collection":[{"href":"https:\/\/ami.mr\/fr\/wp-json\/wp\/v2\/posts"}],"about":[{"href":"https:\/\/ami.mr\/fr\/wp-json\/wp\/v2\/types\/post"}],"author":[{"embeddable":true,"href":"https:\/\/ami.mr\/fr\/wp-json\/wp\/v2\/users\/1"}],"replies":[{"embeddable":true,"href":"https:\/\/ami.mr\/fr\/wp-json\/wp\/v2\/comments?post=89049"}],"version-history":[{"count":1,"href":"https:\/\/ami.mr\/fr\/wp-json\/wp\/v2\/posts\/89049\/revisions"}],"predecessor-version":[{"id":188029,"href":"https:\/\/ami.mr\/fr\/wp-json\/wp\/v2\/posts\/89049\/revisions\/188029"}],"wp:featuredmedia":[{"embeddable":true,"href":"https:\/\/ami.mr\/fr\/wp-json\/wp\/v2\/media\/188030"}],"wp:attachment":[{"href":"https:\/\/ami.mr\/fr\/wp-json\/wp\/v2\/media?parent=89049"}],"wp:term":[{"taxonomy":"category","embeddable":true,"href":"https:\/\/ami.mr\/fr\/wp-json\/wp\/v2\/categories?post=89049"},{"taxonomy":"post_tag","embeddable":true,"href":"https:\/\/ami.mr\/fr\/wp-json\/wp\/v2\/tags?post=89049"}],"curies":[{"name":"wp","href":"https:\/\/api.w.org\/{rel}","templated":true}]}}