{"id":89048,"date":"2021-06-29T22:26:26","date_gmt":"2021-06-29T22:26:26","guid":{"rendered":"http:\/\/192.168.64.2\/fr\/index.php\/2021\/06\/29\/ouverture-dun-atelier-sur-la-promotion-et-la-vulgarisation-des-produits-forestiers\/"},"modified":"2022-07-05T07:03:33","modified_gmt":"2022-07-05T07:03:33","slug":"ouverture-dun-atelier-sur-la-promotion-et-la-vulgarisation-des-produits-forestiers","status":"publish","type":"post","link":"https:\/\/ami.mr\/fr\/archives\/89048","title":{"rendered":"Ouverture d\u2019un atelier sur la promotion et la vulgarisation des produits forestiers"},"content":{"rendered":"<p>Le secr\u00e9taire g\u00e9n\u00e9ral du minist\u00e8re de l\u2019Environnement et du D\u00e9veloppement durable, M. Mohamed Abdellahi Salem Ould Ahmedoua a pr\u00e9sid\u00e9, mardi \u00e0 Nouakchott, l\u2019ouverture des travaux d\u2019un atelier exposition pour la promotion et la vulgarisation des produits forestiers ligneux.<\/p>\n<p>L\u2019atelier permettra \u00e0 des acteurs publics et priv\u00e9s du domaine de rechercher les meilleures m\u00e9thodes pouvant pr\u00e9server les ressources naturelles du pays menac\u00e9es par les changements climatiques et l\u2019exploitation abusive, l\u2019exploitation rationnelle et la valorisation des produits forestiers ligneux.<\/p>\n<p>Dans le mot qu\u2019il a prononc\u00e9, \u00e0 cette occasion, le secr\u00e9taire g\u00e9n\u00e9ral a d\u00e9clar\u00e9 que la rencontre s\u2019inscrit dans le cadre de la mise en \u0153uvre du cinqui\u00e8me axe du programme \u00ab Mes priorit\u00e9s \u00e9largies \u00bb du Pr\u00e9sident de la R\u00e9publique visant la pr\u00e9servation l\u2019environnement et \u00e0 cr\u00e9er des opportunit\u00e9s emplois aux populations locales.<\/p>\n<p>De son c\u00f4t\u00e9, le pr\u00e9sident de la Chambre de commerce, d\u2019industrie et d\u2019agriculture de Mauritanie, M. Ahmed Baba Ould Al\u00e9ya a pr\u00e9cis\u00e9 que l\u2019atelier rev\u00eat une importance particuli\u00e8re pour la chambre puisqu\u2019il permettra, pour la premi\u00e8re, de faire la lumi\u00e8re sur les ressources naturelles de la Mauritanie, les opportunit\u00e9 d\u2019emploi et leur contribution dans la promotions des petites et moyennes entreprises.<\/p>\n","protected":false},"excerpt":{"rendered":"<p>Le secr\u00e9taire g\u00e9n\u00e9ral du minist\u00e8re de l\u2019Environnement et du D\u00e9veloppement durable, M. Mohamed Abdellahi Salem Ould Ahmedoua a pr\u00e9sid\u00e9, mardi \u00e0 Nouakchott, l\u2019ouverture des travaux d\u2019un atelier exposition pour la promotion et la vulgarisation des produits forestiers ligneux<\/p>\n","protected":false},"author":1,"featured_media":188028,"comment_status":"closed","ping_status":"closed","sticky":false,"template":"","format":"standard","meta":{"footnotes":""},"categories":[25],"tags":[62476,63717],"class_list":["post-89048","post","type-post","status-publish","format-standard","has-post-thumbnail","hentry","category-25","tag-nouakchott","tag-sbechire"],"_links":{"self":[{"href":"https:\/\/ami.mr\/fr\/wp-json\/wp\/v2\/posts\/89048","targetHints":{"allow":["GET"]}}],"collection":[{"href":"https:\/\/ami.mr\/fr\/wp-json\/wp\/v2\/posts"}],"about":[{"href":"https:\/\/ami.mr\/fr\/wp-json\/wp\/v2\/types\/post"}],"author":[{"embeddable":true,"href":"https:\/\/ami.mr\/fr\/wp-json\/wp\/v2\/users\/1"}],"replies":[{"embeddable":true,"href":"https:\/\/ami.mr\/fr\/wp-json\/wp\/v2\/comments?post=89048"}],"version-history":[{"count":1,"href":"https:\/\/ami.mr\/fr\/wp-json\/wp\/v2\/posts\/89048\/revisions"}],"predecessor-version":[{"id":188027,"href":"https:\/\/ami.mr\/fr\/wp-json\/wp\/v2\/posts\/89048\/revisions\/188027"}],"wp:featuredmedia":[{"embeddable":true,"href":"https:\/\/ami.mr\/fr\/wp-json\/wp\/v2\/media\/188028"}],"wp:attachment":[{"href":"https:\/\/ami.mr\/fr\/wp-json\/wp\/v2\/media?parent=89048"}],"wp:term":[{"taxonomy":"category","embeddable":true,"href":"https:\/\/ami.mr\/fr\/wp-json\/wp\/v2\/categories?post=89048"},{"taxonomy":"post_tag","embeddable":true,"href":"https:\/\/ami.mr\/fr\/wp-json\/wp\/v2\/tags?post=89048"}],"curies":[{"name":"wp","href":"https:\/\/api.w.org\/{rel}","templated":true}]}}