{"id":88649,"date":"2021-06-07T19:54:40","date_gmt":"2021-06-07T19:54:40","guid":{"rendered":"http:\/\/192.168.64.2\/fr\/index.php\/2021\/06\/07\/le-president-de-lunpm-recoit-le-nouveau-bureau-executif-de-la-federation-du-tourisme\/"},"modified":"2022-07-05T06:37:21","modified_gmt":"2022-07-05T06:37:21","slug":"le-president-de-lunpm-recoit-le-nouveau-bureau-executif-de-la-federation-du-tourisme","status":"publish","type":"post","link":"https:\/\/ami.mr\/fr\/archives\/88649","title":{"rendered":"Le pr\u00e9sident de l\u2019UNPM re\u00e7oit le nouveau Bureau Ex\u00e9cutif de la F\u00e9d\u00e9ration du Tourisme"},"content":{"rendered":"<p>Le pr\u00e9sident de l&#8217;Union nationale du patronat mauritanien (UNPM) , M. Mohamed Zine El Abidine Ould Cheikh Ahmed, a re\u00e7u, aujourd&#8217;hui, lundi, au si\u00e8ge de l&#8217;Union \u00e0 Nouakchott, les membres du nouveau bureau ex\u00e9cutif de la F\u00e9d\u00e9ration du tourisme, dirig\u00e9 par M. Mohamed Ould Chrif Ould Abdallah, pr\u00e9sident de la F\u00e9d\u00e9ration.<\/p>\n<p>La discussion a port\u00e9 sur les domaines d&#8217;intervention de la f\u00e9d\u00e9ration et le nouveau r\u00f4le que doit jouer le secteur priv\u00e9 au service du d\u00e9veloppement \u00e9conomique et social conform\u00e9ment \u00e0 la vision de Son Excellence le Pr\u00e9sident de la R\u00e9publique, M. Mohamed Ould Cheikh El-Ghazouani.<\/p>\n<p>Le pr\u00e9sident de la F\u00e9d\u00e9ration du tourisme a indiqu\u00e9 que la r\u00e9union a \u00e9t\u00e9 l&#8217;occasion d\u2019\u00e9voquer les probl\u00e8mes du tourisme, d&#8217;examiner les possibilit\u00e9s de les r\u00e9soudre et d\u2019entrevoir les m\u00e9canismes propres \u00e0 assurer une reprise du secteur.<\/p>\n<p>La rencontre s&#8217;est d\u00e9roul\u00e9e en pr\u00e9sence du secr\u00e9taire g\u00e9n\u00e9ral de l&#8217;Union nationale du patronat mauritanien, M. El Kory Ould Abdelmoula, et du secr\u00e9taire g\u00e9n\u00e9ral de la F\u00e9d\u00e9ration du tourisme, M. Marhaba Ould Khnafer<\/p>\n","protected":false},"excerpt":{"rendered":"<p>Le pr\u00e9sident de l&#8217;Union nationale du patronat mauritanien (UNPM) , M. Mohamed Zine El Abidine Ould Cheikh Ahmed, a re\u00e7u, aujourd&#8217;hui, lundi, au si\u00e8ge de l&#8217;Union \u00e0 Nouakchott, les membres du nouveau bureau ex\u00e9cutif de la F\u00e9d\u00e9ration du tourisme, dirig\u00e9 par M<\/p>\n","protected":false},"author":1,"featured_media":187269,"comment_status":"closed","ping_status":"closed","sticky":false,"template":"","format":"standard","meta":{"footnotes":""},"categories":[9],"tags":[63367,62476],"class_list":["post-88649","post","type-post","status-publish","format-standard","has-post-thumbnail","hentry","category-9","tag-moctar","tag-nouakchott"],"_links":{"self":[{"href":"https:\/\/ami.mr\/fr\/wp-json\/wp\/v2\/posts\/88649","targetHints":{"allow":["GET"]}}],"collection":[{"href":"https:\/\/ami.mr\/fr\/wp-json\/wp\/v2\/posts"}],"about":[{"href":"https:\/\/ami.mr\/fr\/wp-json\/wp\/v2\/types\/post"}],"author":[{"embeddable":true,"href":"https:\/\/ami.mr\/fr\/wp-json\/wp\/v2\/users\/1"}],"replies":[{"embeddable":true,"href":"https:\/\/ami.mr\/fr\/wp-json\/wp\/v2\/comments?post=88649"}],"version-history":[{"count":1,"href":"https:\/\/ami.mr\/fr\/wp-json\/wp\/v2\/posts\/88649\/revisions"}],"predecessor-version":[{"id":187268,"href":"https:\/\/ami.mr\/fr\/wp-json\/wp\/v2\/posts\/88649\/revisions\/187268"}],"wp:featuredmedia":[{"embeddable":true,"href":"https:\/\/ami.mr\/fr\/wp-json\/wp\/v2\/media\/187269"}],"wp:attachment":[{"href":"https:\/\/ami.mr\/fr\/wp-json\/wp\/v2\/media?parent=88649"}],"wp:term":[{"taxonomy":"category","embeddable":true,"href":"https:\/\/ami.mr\/fr\/wp-json\/wp\/v2\/categories?post=88649"},{"taxonomy":"post_tag","embeddable":true,"href":"https:\/\/ami.mr\/fr\/wp-json\/wp\/v2\/tags?post=88649"}],"curies":[{"name":"wp","href":"https:\/\/api.w.org\/{rel}","templated":true}]}}