{"id":86974,"date":"2021-02-13T17:54:18","date_gmt":"2021-02-13T17:54:18","guid":{"rendered":"http:\/\/192.168.64.2\/fr\/index.php\/2021\/02\/13\/une-journee-de-consultation-et-de-reflexion-sur-le-bilan-et-les-perspectives-de-la-zone-franche-de-nouadhibou\/"},"modified":"2022-07-05T04:56:05","modified_gmt":"2022-07-05T04:56:05","slug":"une-journee-de-consultation-et-de-reflexion-sur-le-bilan-et-les-perspectives-de-la-zone-franche-de-nouadhibou","status":"publish","type":"post","link":"https:\/\/ami.mr\/fr\/archives\/86974","title":{"rendered":"Une journ\u00e9e de consultation et de r\u00e9flexion sur le bilan et les perspectives de la Zone Franche de Nouadhibou"},"content":{"rendered":"<p>Les travaux d\u2019une journ\u00e9e de r\u00e9flexion et de consultation ont d\u00e9marr\u00e9 samedi matin \u00e0 Nouadhibou sous le th\u00e8me, &#8221; Le bilan et les perspectives de la Zone Franche de Nouadhibou&#8221; (ZFN).<\/p>\n<p>L\u2019organisation de cette rencontre vise \u00e0 pr\u00e9senter, huit ans apr\u00e8s la cr\u00e9ation de cette institution, l\u2019\u00e9tat des lieux et les perspectives d\u2019avenir de la ZFN, \u00e0 travers l\u2019\u00e9valuation de celle-ci, l\u2019\u00e9tude de la faisabilit\u00e9 de sa mise en place, en plus d\u2019expos\u00e9s sur la loi y aff\u00e9rente et l\u2019\u00e9change de points de vues entre les divers acteurs au niveau de la ville \u00e0 ce sujet.<\/p>\n<p>Dans un mot prononc\u00e9 pour la circonstance, le pr\u00e9sident de la Zone Franche, M. Mohamed Aly Ould Sidi Mohamed, a d\u00e9clar\u00e9 que la Zone, en tant que projet g\u00e9ostrat\u00e9gique inclusif vise \u00e0 cr\u00e9er une transformation en vue du d\u00e9veloppement d\u2019un p\u00f4le \u00e9conomique \u00e0 nul autre pareil.<\/p>\n<p>Il a pr\u00e9cis\u00e9 qu\u2019apr\u00e8s huit ann\u00e9es environ, porteuses d\u2019espoirs de cr\u00e9ation de grandes opportunit\u00e9s d\u2019investissement et de d\u00e9veloppement \u00e9conomique, au niveau de Nouadhibou et du pays de fa\u00e7on g\u00e9n\u00e9rale, il serait judicieux d\u2019appeler les parties \u00e9conomiques et les diff\u00e9rents partenaires, \u00e0 \u00e9valuer l\u2019action g\u00e9n\u00e9rale de la Zone depuis sa cr\u00e9ation.<\/p>\n<p>Le pr\u00e9sident de l\u2019Autorit\u00e9 de la Zone Franche a insist\u00e9 sur sa volont\u00e9 de r\u00e9aliser l\u2019objectif de cette concertation, \u00e0 savoir la promotion des efforts de d\u00e9veloppement fournis et les strat\u00e9gies formul\u00e9es dans le cadre de la conception et de l\u2019ex\u00e9cution des grands projets d\u2019investissement qui constituent le socle et les piliers de la ZFN.<\/p>\n<p>Il a soulign\u00e9 que la pr\u00e9sentation des activit\u00e9s g\u00e9n\u00e9rales effectu\u00e9es au cours de cette assez longue p\u00e9riode est de nature \u00e0 encourager \u00e0 passer vers une phase plus active encore, plus ambitieuse de mani\u00e8re \u00e0 r\u00e9aliser les objectifs majeurs des nouvelles politiques \u00e9conomiques dans le cadre du programme \u00abTaahoudati\u00bb du Pr\u00e9sident de la R\u00e9publique qui accorde une attention particuli\u00e8re \u00e0 la lutte contre la gabegie et \u00e0 la mauvaise gestion, en concr\u00e9tisation de la transparence et de la bonne gouvernance dans un contexte marqu\u00e9 par des perspectives politiques, sociales et \u00e9conomiques prometteuses.<\/p>\n<p>Le lancement des travaux de cette journ\u00e9e de concertation a eu lieu en pr\u00e9sence du wali de Dakhlet Nouadhibou, M. Yahya Ould Cheikh Mohamed Vall, du conseiller du Pr\u00e9sident de la R\u00e9publique, M. El Hassen Ould Zein, du conseiller du Premier ministre, M. Mohamed Lemine Ould Hamadi, en plus du pr\u00e9sident du conseil r\u00e9gional, de la secr\u00e9taire g\u00e9n\u00e9rale de la Zone Franche, du hakem de la moughataa de Nouadhibou, du maire de la commune, des directeurs de certaines entreprises \u00e9conomiques, des repr\u00e9sentants d\u2019organisations de la soci\u00e9t\u00e9 civile et certains acteurs \u00e9conomiques locaux.<\/p>\n","protected":false},"excerpt":{"rendered":"<p>Les travaux d\u2019une journ\u00e9e de r\u00e9flexion et de consultation ont d\u00e9marr\u00e9 samedi matin \u00e0 Nouadhibou sous le th\u00e8me, &#8221; Le bilan et les perspectives de la Zone Franche de Nouadhibou&#8221; (ZFN)<\/p>\n","protected":false},"author":1,"featured_media":184181,"comment_status":"closed","ping_status":"closed","sticky":false,"template":"","format":"standard","meta":{"footnotes":""},"categories":[8672],"tags":[63367,62482],"class_list":["post-86974","post","type-post","status-publish","format-standard","has-post-thumbnail","hentry","category-8672","tag-moctar","tag-nouadhibou"],"_links":{"self":[{"href":"https:\/\/ami.mr\/fr\/wp-json\/wp\/v2\/posts\/86974","targetHints":{"allow":["GET"]}}],"collection":[{"href":"https:\/\/ami.mr\/fr\/wp-json\/wp\/v2\/posts"}],"about":[{"href":"https:\/\/ami.mr\/fr\/wp-json\/wp\/v2\/types\/post"}],"author":[{"embeddable":true,"href":"https:\/\/ami.mr\/fr\/wp-json\/wp\/v2\/users\/1"}],"replies":[{"embeddable":true,"href":"https:\/\/ami.mr\/fr\/wp-json\/wp\/v2\/comments?post=86974"}],"version-history":[{"count":1,"href":"https:\/\/ami.mr\/fr\/wp-json\/wp\/v2\/posts\/86974\/revisions"}],"predecessor-version":[{"id":184180,"href":"https:\/\/ami.mr\/fr\/wp-json\/wp\/v2\/posts\/86974\/revisions\/184180"}],"wp:featuredmedia":[{"embeddable":true,"href":"https:\/\/ami.mr\/fr\/wp-json\/wp\/v2\/media\/184181"}],"wp:attachment":[{"href":"https:\/\/ami.mr\/fr\/wp-json\/wp\/v2\/media?parent=86974"}],"wp:term":[{"taxonomy":"category","embeddable":true,"href":"https:\/\/ami.mr\/fr\/wp-json\/wp\/v2\/categories?post=86974"},{"taxonomy":"post_tag","embeddable":true,"href":"https:\/\/ami.mr\/fr\/wp-json\/wp\/v2\/tags?post=86974"}],"curies":[{"name":"wp","href":"https:\/\/api.w.org\/{rel}","templated":true}]}}