{"id":86972,"date":"2021-02-13T17:39:22","date_gmt":"2021-02-13T17:39:22","guid":{"rendered":"http:\/\/192.168.64.2\/fr\/index.php\/2021\/02\/13\/la-mauritanie-souhaite-la-bienvenue-aux-participants-a-la-can-u20\/"},"modified":"2022-07-05T04:55:57","modified_gmt":"2022-07-05T04:55:57","slug":"la-mauritanie-souhaite-la-bienvenue-aux-participants-a-la-can-u20","status":"publish","type":"post","link":"https:\/\/ami.mr\/fr\/archives\/86972","title":{"rendered":"La Mauritanie souhaite la bienvenue aux participants \u00e0 la CAN U20"},"content":{"rendered":"<p>Le Pr\u00e9sident de la R\u00e9publique, Son Excellence Monsieur Mohamed Ould Cheikh El Ghazouani, dans un tweet publi\u00e9 samedi , a souhait\u00e9 la bienvenue aux h\u00f4tes, personnalit\u00e9s et d\u00e9l\u00e9gations,  qui s\u00e9journent actuellement en Mauritanie  pour participer \u00e0 la CAN U20  qui d\u00e9marrera dimanche 14 f\u00e9vrier \u00e0 Nouakchott.  <\/p>\n<p>Voici le texte int\u00e9gral du tweet du  Pr\u00e9sident de la R\u00e9publique :<\/p>\n<p>\u00ab C\u2019est avec  la gr\u00e2ce d\u2019Allah que d\u00e9marrera, demain dimanche, la Coupe d\u2019Afrique des Nations des jeunes de moins de 20 ans, premi\u00e8re comp\u00e9tition continentale organis\u00e9e en Mauritanie.<\/p>\n<p>    Je souhaite la bienvenue \u00e0 nos fr\u00e8res, et illustres h\u00f4tes, d\u00e9l\u00e9gations et \u00e9quipes prenant part \u00e0 cette comp\u00e9tition.  Et je leur pr\u00e9sente mes v\u0153ux pour un agr\u00e9able s\u00e9jour en Mauritanie.<\/p>\n<p>    J\u2019invite  les autorit\u00e9s charg\u00e9es de l\u2019organisation de la coupe  \u00e0 d\u00e9ployer le maximum d\u2019efforts pour garantir son d\u00e9roulement  avec succ\u00e8s et professionnalisme\u00bb.<\/p>\n","protected":false},"excerpt":{"rendered":"<p>Le Pr\u00e9sident de la R\u00e9publique, Son Excellence Monsieur Mohamed Ould Cheikh El Ghazouani, dans un tweet publi\u00e9 samedi , a souhait\u00e9 la bienvenue aux h\u00f4tes, personnalit\u00e9s et d\u00e9l\u00e9gations,  qui s\u00e9journent actuellement en Mauritanie  pour participer \u00e0 la CAN U20  qui d\u00e9marrera dimanche 14 f\u00e9vrier \u00e0 Nouakchott<\/p>\n","protected":false},"author":1,"featured_media":184177,"comment_status":"closed","ping_status":"closed","sticky":false,"template":"","format":"standard","meta":{"footnotes":""},"categories":[],"tags":[63991,63367,62476],"class_list":["post-86972","post","type-post","status-publish","format-standard","has-post-thumbnail","hentry","tag-activites-presidentielles","tag-moctar","tag-nouakchott"],"_links":{"self":[{"href":"https:\/\/ami.mr\/fr\/wp-json\/wp\/v2\/posts\/86972","targetHints":{"allow":["GET"]}}],"collection":[{"href":"https:\/\/ami.mr\/fr\/wp-json\/wp\/v2\/posts"}],"about":[{"href":"https:\/\/ami.mr\/fr\/wp-json\/wp\/v2\/types\/post"}],"author":[{"embeddable":true,"href":"https:\/\/ami.mr\/fr\/wp-json\/wp\/v2\/users\/1"}],"replies":[{"embeddable":true,"href":"https:\/\/ami.mr\/fr\/wp-json\/wp\/v2\/comments?post=86972"}],"version-history":[{"count":1,"href":"https:\/\/ami.mr\/fr\/wp-json\/wp\/v2\/posts\/86972\/revisions"}],"predecessor-version":[{"id":184176,"href":"https:\/\/ami.mr\/fr\/wp-json\/wp\/v2\/posts\/86972\/revisions\/184176"}],"wp:featuredmedia":[{"embeddable":true,"href":"https:\/\/ami.mr\/fr\/wp-json\/wp\/v2\/media\/184177"}],"wp:attachment":[{"href":"https:\/\/ami.mr\/fr\/wp-json\/wp\/v2\/media?parent=86972"}],"wp:term":[{"taxonomy":"category","embeddable":true,"href":"https:\/\/ami.mr\/fr\/wp-json\/wp\/v2\/categories?post=86972"},{"taxonomy":"post_tag","embeddable":true,"href":"https:\/\/ami.mr\/fr\/wp-json\/wp\/v2\/tags?post=86972"}],"curies":[{"name":"wp","href":"https:\/\/api.w.org\/{rel}","templated":true}]}}