{"id":86488,"date":"2021-01-12T14:31:13","date_gmt":"2021-01-12T14:31:13","guid":{"rendered":"http:\/\/192.168.64.2\/fr\/index.php\/2021\/01\/12\/remise-de-prix-aux-gagnants-du-concours-du-meilleur-logo-de-la-22eme-edition-de-la-coupe-dafrique-des-moins-de-20-ans\/"},"modified":"2022-07-05T04:29:12","modified_gmt":"2022-07-05T04:29:12","slug":"remise-de-prix-aux-gagnants-du-concours-du-meilleur-logo-de-la-22eme-edition-de-la-coupe-dafrique-des-moins-de-20-ans","status":"publish","type":"post","link":"https:\/\/ami.mr\/fr\/archives\/86488","title":{"rendered":"Remise de prix aux gagnants du concours du meilleur logo de la 22\u00e8me \u00e9dition de la Coupe d\u2019Afrique des moins de 20 ans"},"content":{"rendered":"<p>Le secr\u00e9taire g\u00e9n\u00e9ral du minist\u00e8re de l&#8217;Emploi, de la Jeunesse et des Sports, M. Abdi Salem Ould Cheikh Saad Bouh a supervis\u00e9, mardi, au Complexe olympique de Nouakchott, au nom du ministre de l&#8217;Emploi, de la Jeunesse et des Sports, M. Taleb Ould Sid\u2019Ahmed, la remise des prix aux gagnants du concours du meilleur logo de la 22e \u00e9dition de la Coupe d&#8217;Afrique des Nations des jeunes de moins de 20 ans.<\/p>\n<p>Le premier prix, qui s&#8217;\u00e9l\u00e8ve \u00e0 100.000 MRU, a \u00e9t\u00e9 remport\u00e9 par M. Abderrahmane Lehbib, tandis que Mme Asma Sidina s\u2019est adjug\u00e9 le deuxi\u00e8me prix, qui est de 50.000 MRU, et le troisi\u00e8me prix, \u00e9galement de 50.000 MRU, est revenu \u00e0 M. Mamadou Sall.<\/p>\n<p>Dans un mot prononc\u00e9 \u00e0 cette occasion, le secr\u00e9taire g\u00e9n\u00e9ral du minist\u00e8re de la Jeunesse et des Sports a rappel\u00e9 que notre pays accueillera, entre le 14 f\u00e9vrier et le 4 mars 2021, la 22e \u00e9dition de la Coupe d&#8217;Afrique des Nations des jeunes de moins de 20 ans, soulignant que ce tournoi sera abrit\u00e9 par trois stades, deux \u00e0 Nouakchott et un \u00e0 Nouadhibou.<\/p>\n<p>Il a indiqu\u00e9 que c\u2019est dans ce cadre qu\u2019un concours pour la conception du meilleur logo pour cette 22\u00e8me \u00e9dition a \u00e9t\u00e9 organis\u00e9.<\/p>\n<p>La c\u00e9r\u00e9monie de remise des prix s\u2019est d\u00e9roul\u00e9e en pr\u00e9sence du vice-pr\u00e9sident de la F\u00e9d\u00e9ration mauritanienne de football, M. Baba Dieng et du secr\u00e9taire permanent du comit\u00e9 d&#8217;organisation de la Coupe d&#8217;Afrique des jeunes, M. Youssouf Fall.<\/p>\n","protected":false},"excerpt":{"rendered":"<p>Le secr\u00e9taire g\u00e9n\u00e9ral du minist\u00e8re de l&#8217;Emploi, de la Jeunesse et des Sports, M. Abdi Salem Ould Cheikh Saad Bouh a supervis\u00e9, mardi, au Complexe olympique de Nouakchott, au nom du ministre de l&#8217;Emploi, de la Jeunesse et des Sports, M<\/p>\n","protected":false},"author":1,"featured_media":0,"comment_status":"closed","ping_status":"closed","sticky":false,"template":"","format":"standard","meta":{"footnotes":""},"categories":[],"tags":[62969,62476,63996],"class_list":["post-86488","post","type-post","status-publish","format-standard","hentry","tag-alya","tag-nouakchott","tag-societe"],"_links":{"self":[{"href":"https:\/\/ami.mr\/fr\/wp-json\/wp\/v2\/posts\/86488","targetHints":{"allow":["GET"]}}],"collection":[{"href":"https:\/\/ami.mr\/fr\/wp-json\/wp\/v2\/posts"}],"about":[{"href":"https:\/\/ami.mr\/fr\/wp-json\/wp\/v2\/types\/post"}],"author":[{"embeddable":true,"href":"https:\/\/ami.mr\/fr\/wp-json\/wp\/v2\/users\/1"}],"replies":[{"embeddable":true,"href":"https:\/\/ami.mr\/fr\/wp-json\/wp\/v2\/comments?post=86488"}],"version-history":[{"count":1,"href":"https:\/\/ami.mr\/fr\/wp-json\/wp\/v2\/posts\/86488\/revisions"}],"predecessor-version":[{"id":183319,"href":"https:\/\/ami.mr\/fr\/wp-json\/wp\/v2\/posts\/86488\/revisions\/183319"}],"wp:attachment":[{"href":"https:\/\/ami.mr\/fr\/wp-json\/wp\/v2\/media?parent=86488"}],"wp:term":[{"taxonomy":"category","embeddable":true,"href":"https:\/\/ami.mr\/fr\/wp-json\/wp\/v2\/categories?post=86488"},{"taxonomy":"post_tag","embeddable":true,"href":"https:\/\/ami.mr\/fr\/wp-json\/wp\/v2\/tags?post=86488"}],"curies":[{"name":"wp","href":"https:\/\/api.w.org\/{rel}","templated":true}]}}