{"id":86487,"date":"2021-01-12T14:29:30","date_gmt":"2021-01-12T14:29:30","guid":{"rendered":"http:\/\/192.168.64.2\/fr\/index.php\/2021\/01\/12\/la-crise-du-secteur-des-transports-dans-le-contexte-de-la-pandemie\/"},"modified":"2022-07-05T04:28:56","modified_gmt":"2022-07-05T04:28:56","slug":"la-crise-du-secteur-des-transports-dans-le-contexte-de-la-pandemie","status":"publish","type":"post","link":"https:\/\/ami.mr\/fr\/archives\/86487","title":{"rendered":"La crise du secteur des transports dans le contexte de la pand\u00e9mie"},"content":{"rendered":"<p>La pand\u00e9mie de Corona a marqu\u00e9 un tournant historique sans pr\u00e9c\u00e9dent pour l\u2019humanit\u00e9, si bien que les cons\u00e9quences et les impacts ont modifi\u00e9 les modes de vie et le comportement des gens dans toutes les soci\u00e9t\u00e9s du monde.<\/p>\n<p>Depuis l\u2019\u00e9mergence de la premi\u00e8re vague, les plus hautes autorit\u00e9s du pays ont commenc\u00e9 \u00e0 mettre en \u0153uvre une s\u00e9rie de mesures de pr\u00e9caution, en vue d\u2019emp\u00eacher la propagation du Covid 19 parmi les citoyens.<\/p>\n<p>Ces mesures consistaient alors en la fermeture des fronti\u00e8res terrestres, maritimes et a\u00e9riennes du pays, la cessation du trafic routier et de la circulation entre les villes, l\u2019imposition d\u2019un couvre-feu sur l\u2019ensemble du territoire national, l\u2019arr\u00eat des \u00e9tudes, la fermeture des march\u00e9s, points de vente et des restaurants.<\/p>\n<p>Ces mesures se sont accompagn\u00e9es de campagnes de sensibilisation qui se sont largement r\u00e9pandues dans tout le pays, ce qui a permis d\u2019\u00e9veiller les citoyens sur le danger de la pand\u00e9mie et les moyens de la pr\u00e9venir, de crainte de la propagation de la maladie au sein de la population.<\/p>\n<p>D\u00e8s le d\u00e9but de la pand\u00e9mie, \u00e0 l\u2019instar de presque tous les pays du monde, la Mauritanie s\u2019est trouv\u00e9e confront\u00e9 \u00e0 des d\u00e9fis de taille et in\u00e9dits qui ont paralys\u00e9 et assombri les perspectives de la plupart des secteurs vitaux. C\u2019est ainsi que le secteur des transports a subi de plein fouet l\u2019impact de la pand\u00e9mie.<\/p>\n<p>Les travailleurs du secteur ont souffert de cette crise. Le trafic routier interurbain, au niveau local, s\u2019est trouv\u00e9 d\u2019abord paralys\u00e9, puis ce fut le tour du trafic a\u00e9rien international, pour une longue p\u00e9riode.<\/p>\n<p>Les mesures anti-Covid 19 ont paralys\u00e9 la libre circulation des personnes entre les villes, les pays et les continents. En plus, certaines entreprises se sont trouv\u00e9es dans l\u2019incapacit\u00e9 \u00e0 payer les salaires des travailleurs, les recettes des transports ont enregistr\u00e9 une baisse drastique, ce qui a caus\u00e9 une s\u00e9rie de d\u00e9fis \u00e0 court et \u00e0 long termes, en raison des r\u00e9ductions salariales et des licenciements en masse.<\/p>\n<p>Pour \u00e9clairer l\u2019opinion publique sur la situation des transporteurs mauritaniens et les d\u00e9fis pos\u00e9s par la pand\u00e9mie de Covid 19, l\u2019Agence Mauritanienne d\u2019Information a interrog\u00e9 les chauffeurs, les taximen et le personnel officiant dans le secteur, afin d\u2019identifier les d\u00e9fis de la propagation du Corona et les impacts des mesures de pr\u00e9caution sur les transports.<\/p>\n<p>Sid&#8217;Ahmed Ould Salem, chauffeur de taxi \u00e0 Nouakchott, a d\u00e9clar\u00e9 dans une interview \u00e0 l\u2019AMI que la pand\u00e9mie a eu un impact n\u00e9gatif, en particulier sur les transporteurs entre Nouakchott et les wilayas int\u00e9rieures, en raison de la suspension durable des transports interurbains.<\/p>\n<p>Il a ajout\u00e9 que les taximen \u00e0 Nouakchott comptent parmi les transporteurs les moins touch\u00e9s de la pand\u00e9mie parce que les d\u00e9placements en voiture n\u2019ont pas cess\u00e9 dans la capitale en d\u00e9pit de leur baisse, suite \u00e0 la fermeture des \u00e9coles, au licenciement de nombre d\u2019employ\u00e9s du secteur public, de la fermeture de certains march\u00e9s et restaurants lors de la premi\u00e8re vague.<\/p>\n<p>L\u2019Autorit\u00e9 de r\u00e9glementation des transports terrestres avait \u00e9mis de limiter le nombre de passagers autoris\u00e9 \u00e0 bord des taxis. Mais, le prix du carburant et la non-prise en compte des conditions des transporteurs ont emp\u00each\u00e9 l\u2019application de cette d\u00e9cision.<\/p>\n<p>Il a pr\u00e9cis\u00e9 que la seule proc\u00e9dure observ\u00e9e est le porter des masques ou ce qui en tient lieu sur les march\u00e9s, \u00e0 bord des taxis et dans les lieux de rassemblement publics.<\/p>\n<p>Mohamed Yahya Ould Naghra, transporteur de son \u00e9tat, exerce dans le transport interurbain au moyen d\u2019une Renault 21. Il a d\u00e9clar\u00e9 que la pand\u00e9mie a provoqu\u00e9 une v\u00e9ritable perturbation des activit\u00e9s, \u00e0 commencer par l\u2019interdiction totale de la circulation des personnes entre les villes, seuls les transporteurs de marchandises et de biens d\u2019\u00e9quipements \u00e9tant autoris\u00e9s \u00e0 passer.<\/p>\n<p>Il a ajout\u00e9 que les conducteurs priv\u00e9s au cours de cette p\u00e9riode ont subi de lourdes pertes sans aucune compensation de la part des autorit\u00e9s concern\u00e9es.<\/p>\n<p>M. Mohamed Lemine Ould Amar, repr\u00e9sentant d&#8217;une agence \u00e0 Nouakchott, a pr\u00e9cis\u00e9 que la pand\u00e9mie a eu des r\u00e9percussions n\u00e9gatives sur les transports en g\u00e9n\u00e9ral et en particulier le personnel du secteur, car les mesures de pr\u00e9caution ont affect\u00e9 le niveau des revenus de la population active et son temps de travail.<\/p>\n<p>Il a soulign\u00e9 que le couvre-feu est l\u2019une des mesures les plus influentes pour les transporteurs, d\u2019autant plus que les r\u00e9servations pour voyages pr\u00e9vus le matin commencent g\u00e9n\u00e9ralement la veille, au courant de la nuit.<\/p>\n<p>Il a poursuivi en disant que la p\u00e9riode d\u2019interdiction de la circulation interurbaine pendant la premi\u00e8re vague a \u00e9t\u00e9 l\u2019une des p\u00e9riodes les plus difficiles auxquelles pour les transporteurs mauritaniens. R\u00e9sultat, les entreprises de transport ont licenci\u00e9 une partie du personnel, ce qui a caus\u00e9 une crise sociale.<\/p>\n<p>Il dit esp\u00e9rer que les parties prenantes tiendront compte des dommages caus\u00e9s par la mise en \u0153uvre des mesures de pr\u00e9caution pour apporter un soutien aux travailleurs du secteur afin de les aider \u00e0 supporter de tels pr\u00e9judices\u00bb, a-t-il d\u00e9clar\u00e9.<\/p>\n<p>En ce qui concerne l\u2019application des mesures de pr\u00e9caution, le repr\u00e9sentant de la m\u00eame agence pr\u00e9cise que le port du masque est impos\u00e9 aux passagers et aux visiteurs, en plus de solution hydro-alcoolique.<\/p>\n<p>Pour ce qui est de la r\u00e9duction du nombre de passagers \u00e0 bord des autobus, il a affirm\u00e9 que cela n\u2019a pas \u00e9t\u00e9 appliqu\u00e9, en raison du co\u00fbt \u00e9lev\u00e9 du carburant, de la longueur du voyage et du nombre limit\u00e9 de passagers. Par cons\u00e9quent, une telle mesure ne tient pas compte de la situation. Du coup, elle n\u2019a pas \u00e9t\u00e9 appliqu\u00e9e, ni lors de la premi\u00e8re vague, ni de la deuxi\u00e8me.<\/p>\n<p>Il a soulign\u00e9 que le secteur des transports souffre de nombreux probl\u00e8mes cruciaux, notamment l\u2019absence de r\u00e9glementation, l\u2019incapacit\u00e9 des autorit\u00e9s concern\u00e9es \u00e0 stabiliser et \u00e0 unifier les prix des transports pour chaque axe.<\/p>\n<p>L\u2019Autorit\u00e9 de r\u00e9glementation des transports terrestres a lanc\u00e9 des campagnes de sensibilisation contre les dangers du Covid 19 sur l\u2019ensemble du territoire national et les points d\u2019acc\u00e8s frontaliers afin de sensibiliser les citoyens sur la gravit\u00e9 de la pand\u00e9mie.<\/p>\n<p>En outre, des campagnes continues sont men\u00e9es dans les principales gares et au niveau des carrefours de la capitale, Nouakchott, gr\u00e2ce au d\u00e9ploiement d\u2019\u00e9quipes pour le suivi de ces campagnes, distribuer des masques, des produits de d\u00e9sinfection et des imprim\u00e9s aux usagers de la route.<\/p>\n<p>Des campagnes analogues sont effectu\u00e9es \u00e9galement au niveau des wilayas et moughataas de l\u2019int\u00e9rieur dans les gares routi\u00e8res, les carrefours, les march\u00e9s et les lieux d\u2019affluence publique afin de sensibiliser la population.<\/p>\n<p>Des dizaines d\u2019\u00e9quipes et de voitures munies de haut-parleurs sont mobilis\u00e9es \u00e0 cette fin, tant au niveau de la capitale qu\u2019\u00e0 l\u2019int\u00e9rieur du pays.<\/p>\n<p>Ces campagnes s\u2019inscrivent dans le cadre du renforcement des mesures de pr\u00e9caution adopt\u00e9es par les plus hautes autorit\u00e9s du pays pour pr\u00e9venir la propagation de la deuxi\u00e8me vague de la pand\u00e9mie de Covid 19.<\/p>\n","protected":false},"excerpt":{"rendered":"<p>La pand\u00e9mie de Corona a marqu\u00e9 un tournant historique sans pr\u00e9c\u00e9dent pour l\u2019humanit\u00e9, si bien que les cons\u00e9quences et les impacts ont modifi\u00e9 les modes de vie et le comportement des gens dans toutes les soci\u00e9t\u00e9s du monde<\/p>\n","protected":false},"author":1,"featured_media":183318,"comment_status":"closed","ping_status":"closed","sticky":false,"template":"","format":"standard","meta":{"footnotes":""},"categories":[25],"tags":[62969,62476],"class_list":["post-86487","post","type-post","status-publish","format-standard","has-post-thumbnail","hentry","category-25","tag-alya","tag-nouakchott"],"_links":{"self":[{"href":"https:\/\/ami.mr\/fr\/wp-json\/wp\/v2\/posts\/86487","targetHints":{"allow":["GET"]}}],"collection":[{"href":"https:\/\/ami.mr\/fr\/wp-json\/wp\/v2\/posts"}],"about":[{"href":"https:\/\/ami.mr\/fr\/wp-json\/wp\/v2\/types\/post"}],"author":[{"embeddable":true,"href":"https:\/\/ami.mr\/fr\/wp-json\/wp\/v2\/users\/1"}],"replies":[{"embeddable":true,"href":"https:\/\/ami.mr\/fr\/wp-json\/wp\/v2\/comments?post=86487"}],"version-history":[{"count":1,"href":"https:\/\/ami.mr\/fr\/wp-json\/wp\/v2\/posts\/86487\/revisions"}],"predecessor-version":[{"id":183317,"href":"https:\/\/ami.mr\/fr\/wp-json\/wp\/v2\/posts\/86487\/revisions\/183317"}],"wp:featuredmedia":[{"embeddable":true,"href":"https:\/\/ami.mr\/fr\/wp-json\/wp\/v2\/media\/183318"}],"wp:attachment":[{"href":"https:\/\/ami.mr\/fr\/wp-json\/wp\/v2\/media?parent=86487"}],"wp:term":[{"taxonomy":"category","embeddable":true,"href":"https:\/\/ami.mr\/fr\/wp-json\/wp\/v2\/categories?post=86487"},{"taxonomy":"post_tag","embeddable":true,"href":"https:\/\/ami.mr\/fr\/wp-json\/wp\/v2\/tags?post=86487"}],"curies":[{"name":"wp","href":"https:\/\/api.w.org\/{rel}","templated":true}]}}