{"id":86405,"date":"2021-01-05T19:07:55","date_gmt":"2021-01-05T19:07:55","guid":{"rendered":"http:\/\/192.168.64.2\/fr\/index.php\/2021\/01\/05\/lancement-des-activites-dun-nouveau-groupe-parlementaire-damitie-mauritano-japonaise\/"},"modified":"2022-07-05T04:24:53","modified_gmt":"2022-07-05T04:24:53","slug":"lancement-des-activites-dun-nouveau-groupe-parlementaire-damitie-mauritano-japonaise","status":"publish","type":"post","link":"https:\/\/ami.mr\/fr\/archives\/86405","title":{"rendered":"Lancement des activit\u00e9s d&#8217;un nouveau groupe parlementaire d\u2019Amiti\u00e9 mauritano-japonaise"},"content":{"rendered":"<p>Les activit\u00e9s du nouveau groupe parlementaire d\u2019amiti\u00e9 mauritanienne-japonaise ont \u00e9t\u00e9 lanc\u00e9es aujourd\u2019hui, mardi, \u00e0 l\u2019Assembl\u00e9e nationale, \u00e0 Nouakchott.<\/p>\n<p>Selon les responsables, le groupe vise \u00e0 donner un nouvel \u00e9lan aux relations de coop\u00e9ration entre les deux pays et \u00e0 explorer des domaines plus larges pour les renforcer davantage.<\/p>\n<p>Dans un discours prononc\u00e9 \u00e0 cette occasion, le premier vice-pr\u00e9sident de l\u2019Assembl\u00e9e nationale, M. Sidney Sokhna, a soulign\u00e9 l\u2019importance des relations de coop\u00e9ration entre notre pays et l\u2019Empire du Japon, notant qu\u2019elles sont distingu\u00e9es et en constante \u00e9volution au service des int\u00e9r\u00eats mutuels des deux parties.<\/p>\n<p>Il a d\u00e9clar\u00e9 que le groupe sera un ajout qualitatif qui contribuera au d\u00e9veloppement des relations de coop\u00e9ration existant entre les deux pays et renforcera les domaines d\u2019\u00e9change r\u00e9ciproques.<\/p>\n<p>M. Yahya Ould Ahmed Waghf, pr\u00e9sident du groupe parlementaire de l\u2019amiti\u00e9 mauritano-japonaise, a d\u00e9clar\u00e9 que depuis les ann\u00e9es 1970, les relations entre la Mauritanie et le Japon ont connu un d\u00e9veloppement remarquable et multidisciplinaire, la coop\u00e9ration japonaise devenant une pr\u00e9sence importante dans le paysage \u00e9conomique mauritanien.<\/p>\n<p>Ces relations renouvel\u00e9es et de longue date, qui ont b\u00e9n\u00e9fici\u00e9 aux deux pays, portent sur divers aspects de la vie des deux peuples, ce qui justifie l\u2019aspiration actuelle \u00e0 la cr\u00e9ation du groupe parlementaire d\u2019amiti\u00e9 avec le Japon afin de donner un nouvel \u00e9lan \u00e0 ces relations et d\u2019explorer des domaines plus larges pour leur d\u00e9veloppement.<\/p>\n<p>Il a soulign\u00e9 que le groupe vise, entre autres, \u00e0 former un pont stable pour des \u00e9changes fructueux et un engagement constructif afin de consolider, approfondir et d\u00e9velopper les relations d\u2019amiti\u00e9 et de coop\u00e9ration existant entre les deux pays, de lier un lien \u00e9troit et une coordination permanente avec le groupe parlementaire japonais pour l\u2019amiti\u00e9 avec la Mauritanie afin d\u2019approfondir l\u2019amiti\u00e9 et la coop\u00e9ration constructive, et de travailler \u00e0 l\u2019\u00e9tablissement et \u00e0 la promotion d\u2019un partenariat f\u00e9cond et p\u00e9renne entre les deux pays en encourageant et en soutenant les entreprises japonaises d\u00e9sireuses d\u2019investir en Mauritanie et en contribuant \u00e0 surmonter les difficult\u00e9s qui entraveraient leurs projets.<\/p>\n<p>L\u2019ambassadeur du Japon en Mauritanie, SE. M. Norio Ehara, a exprim\u00e9 la gratitude du Japon \u00e0 la Mauritanie, qui a toujours soutenu les positions de l\u2019Empire aupr\u00e8s de la communaut\u00e9 internationale, en particulier au sein de l\u2019Organisation des Nations Unies.<\/p>\n<p>Il a not\u00e9 que la coop\u00e9ration mauritano-japonaise couvre divers domaines tels que la p\u00eache, la s\u00e9curit\u00e9 alimentaire, la sant\u00e9 et l\u2019\u00e9ducation, rappelant que la promotion des investissements priv\u00e9s recherch\u00e9s et le transfert de la technologie japonaise sont des questions cl\u00e9s pour soutenir l\u2019\u00e9conomie mauritanienne apr\u00e8s la pand\u00e9mie du Covid-19.<\/p>\n<p>La c\u00e9r\u00e9monie d\u2019annonce de la cr\u00e9ation du nouveau groupe parlementaire s\u2019est d\u00e9roul\u00e9e en pr\u00e9sence des ministres de l\u2019\u00c9conomie et de la Promotion des secteurs productifs, de la p\u00eache et de l\u2019\u00e9conomie maritime, ainsi que du Commissaire \u00e0 la s\u00e9curit\u00e9 alimentaire.<\/p>\n","protected":false},"excerpt":{"rendered":"<p>Les activit\u00e9s du nouveau groupe parlementaire d\u2019amiti\u00e9 mauritanienne-japonaise ont \u00e9t\u00e9 lanc\u00e9es aujourd\u2019hui, mardi, \u00e0 l\u2019Assembl\u00e9e nationale, \u00e0 Nouakchott.<\/p>\n<p>Selon les responsables, le groupe vise \u00e0 donner un nouvel \u00e9lan aux relations de coop\u00e9ration entre les deux pays et \u00e0 explorer des domaines plus larges pour les renforcer davantage<\/p>\n","protected":false},"author":1,"featured_media":183182,"comment_status":"closed","ping_status":"closed","sticky":false,"template":"","format":"standard","meta":{"footnotes":""},"categories":[],"tags":[63963,63367,62476],"class_list":["post-86405","post","type-post","status-publish","format-standard","has-post-thumbnail","hentry","tag-activites-parlementaires","tag-moctar","tag-nouakchott"],"_links":{"self":[{"href":"https:\/\/ami.mr\/fr\/wp-json\/wp\/v2\/posts\/86405","targetHints":{"allow":["GET"]}}],"collection":[{"href":"https:\/\/ami.mr\/fr\/wp-json\/wp\/v2\/posts"}],"about":[{"href":"https:\/\/ami.mr\/fr\/wp-json\/wp\/v2\/types\/post"}],"author":[{"embeddable":true,"href":"https:\/\/ami.mr\/fr\/wp-json\/wp\/v2\/users\/1"}],"replies":[{"embeddable":true,"href":"https:\/\/ami.mr\/fr\/wp-json\/wp\/v2\/comments?post=86405"}],"version-history":[{"count":1,"href":"https:\/\/ami.mr\/fr\/wp-json\/wp\/v2\/posts\/86405\/revisions"}],"predecessor-version":[{"id":183181,"href":"https:\/\/ami.mr\/fr\/wp-json\/wp\/v2\/posts\/86405\/revisions\/183181"}],"wp:featuredmedia":[{"embeddable":true,"href":"https:\/\/ami.mr\/fr\/wp-json\/wp\/v2\/media\/183182"}],"wp:attachment":[{"href":"https:\/\/ami.mr\/fr\/wp-json\/wp\/v2\/media?parent=86405"}],"wp:term":[{"taxonomy":"category","embeddable":true,"href":"https:\/\/ami.mr\/fr\/wp-json\/wp\/v2\/categories?post=86405"},{"taxonomy":"post_tag","embeddable":true,"href":"https:\/\/ami.mr\/fr\/wp-json\/wp\/v2\/tags?post=86405"}],"curies":[{"name":"wp","href":"https:\/\/api.w.org\/{rel}","templated":true}]}}