{"id":85053,"date":"2020-09-25T18:40:40","date_gmt":"2020-09-25T18:40:40","guid":{"rendered":"http:\/\/192.168.64.2\/fr\/index.php\/2020\/09\/25\/trarza-une-solution-definitive-sera-trouvee-au-probleme-dassainissement-de-rossoministre-de-lassainissement\/"},"modified":"2022-07-05T03:16:41","modified_gmt":"2022-07-05T03:16:41","slug":"trarza-une-solution-definitive-sera-trouvee-au-probleme-dassainissement-de-rossoministre-de-lassainissement","status":"publish","type":"post","link":"https:\/\/ami.mr\/fr\/archives\/85053","title":{"rendered":"Trarza: Une solution d\u00e9finitive sera trouv\u00e9e au probl\u00e8me d&#8217;assainissement de Rosso(ministre de l&#8217;assainissement)"},"content":{"rendered":"<p>Le ministre de l&#8217;hydraulique et de l&#8217;Assainissement, M. Sid&#8217;Ahmed Ould Mohamed, a visit\u00e9, vendredi, le r\u00e9seau d&#8217;assainissement dans la ville de Rosso.<\/p>\n<p>Il a, \u00e0 cette occasion, \u00e9cout\u00e9 des explications d\u00e9taill\u00e9es sur les obstacles auxquels font face les \u00e9quipes supervisant les op\u00e9rations d&#8217;\u00e9vacuation des eaux caus\u00e9es par l&#8217;\u00e9tat d\u00e9fectueux du r\u00e9seau d&#8217;assainissement et par les derni\u00e8res pluies tomb\u00e9es sur la ville.<\/p>\n<p>Dans une d\u00e9claration au bureau r\u00e9gional de l&#8217;AMI au Trarza, le ministre a indiqu\u00e9 que les derni\u00e8res pluies sur la ville de Rosso ont influ\u00e9 n\u00e9gativement sur les populations de la ville, pr\u00e9cisant que les eaux ont envahi les quartiers populaires et que la d\u00e9t\u00e9rioration du r\u00e9seau d&#8217;assainissement a rendu la situation plus difficile.<\/p>\n<p>Il a pr\u00e9cis\u00e9 que les autorit\u00e9s administratives et municipales, l&#8217;office d&#8217;assainissement et la protection civile dans la wilaya ont d\u00e9ploy\u00e9 de grands efforts pour all\u00e9ger les d\u00e9g\u00e2ts d\u00e9coulant de cette situation.<\/p>\n<p>Il a ajout\u00e9 que sa visite actuelle a pour but de s&#8217;informer sur la situation g\u00e9n\u00e9rale du r\u00e9seau d&#8217;assainissement dans la ville en vue d\u2019\u0153uvrer pour une solution d\u00e9finitive de nature \u00e0 mettre fin aux souffrances des population avant la prochaine saison des pluies.<\/p>\n<p>Au cours de cette visite, le ministre \u00e9tait accompagn\u00e9 du wali du Trarza, M. Moulaye Brahim Ould Moulaye Brahim, du Hakem de la moughataa de Rosso, du maire et de l&#8217;\u00e9quipe de l&#8217;Office d&#8217;assainissement.<\/p>\n","protected":false},"excerpt":{"rendered":"<p>Le ministre de l&#8217;hydraulique et de l&#8217;Assainissement, M. Sid&#8217;Ahmed Ould Mohamed, a visit\u00e9, vendredi, le r\u00e9seau d&#8217;assainissement dans la ville de Rosso.<\/p>\n<p>Il a, \u00e0 cette occas<\/p>\n","protected":false},"author":1,"featured_media":180903,"comment_status":"closed","ping_status":"closed","sticky":false,"template":"","format":"standard","meta":{"footnotes":""},"categories":[],"tags":[63990,63706,62750,62477],"class_list":["post-85053","post","type-post","status-publish","format-standard","has-post-thumbnail","hentry","tag-activites-gouvernementales","tag-mkory","tag-munina","tag-rosso"],"_links":{"self":[{"href":"https:\/\/ami.mr\/fr\/wp-json\/wp\/v2\/posts\/85053","targetHints":{"allow":["GET"]}}],"collection":[{"href":"https:\/\/ami.mr\/fr\/wp-json\/wp\/v2\/posts"}],"about":[{"href":"https:\/\/ami.mr\/fr\/wp-json\/wp\/v2\/types\/post"}],"author":[{"embeddable":true,"href":"https:\/\/ami.mr\/fr\/wp-json\/wp\/v2\/users\/1"}],"replies":[{"embeddable":true,"href":"https:\/\/ami.mr\/fr\/wp-json\/wp\/v2\/comments?post=85053"}],"version-history":[{"count":1,"href":"https:\/\/ami.mr\/fr\/wp-json\/wp\/v2\/posts\/85053\/revisions"}],"predecessor-version":[{"id":180902,"href":"https:\/\/ami.mr\/fr\/wp-json\/wp\/v2\/posts\/85053\/revisions\/180902"}],"wp:featuredmedia":[{"embeddable":true,"href":"https:\/\/ami.mr\/fr\/wp-json\/wp\/v2\/media\/180903"}],"wp:attachment":[{"href":"https:\/\/ami.mr\/fr\/wp-json\/wp\/v2\/media?parent=85053"}],"wp:term":[{"taxonomy":"category","embeddable":true,"href":"https:\/\/ami.mr\/fr\/wp-json\/wp\/v2\/categories?post=85053"},{"taxonomy":"post_tag","embeddable":true,"href":"https:\/\/ami.mr\/fr\/wp-json\/wp\/v2\/tags?post=85053"}],"curies":[{"name":"wp","href":"https:\/\/api.w.org\/{rel}","templated":true}]}}