{"id":85051,"date":"2020-09-25T14:55:22","date_gmt":"2020-09-25T14:55:22","guid":{"rendered":"http:\/\/192.168.64.2\/fr\/index.php\/2020\/09\/25\/le-ministre-des-affaires-sociales-recoit-une-delegation-du-bureau-international-du-travail\/"},"modified":"2022-07-05T03:16:33","modified_gmt":"2022-07-05T03:16:33","slug":"le-ministre-des-affaires-sociales-recoit-une-delegation-du-bureau-international-du-travail","status":"publish","type":"post","link":"https:\/\/ami.mr\/fr\/archives\/85051","title":{"rendered":"Le ministre des Affaires sociales re\u00e7oit une d\u00e9l\u00e9gation du Bureau international du travail"},"content":{"rendered":"<p>La Ministre des Affaires sociales, de l\u2019Enfance et de la Famille, Mme Naha Mint Haroun Ould Cheikh Sidiya, a re\u00e7u aujourd\u2019hui vendredi \u00e0 Nouakchott une d\u00e9l\u00e9gation du Bureau international du Travail, dirig\u00e9e par M. Marc Ninulla Heinl.<\/p>\n<p>Au cours de la r\u00e9union, les deux parties ont pass\u00e9 en revue les diff\u00e9rents aspects de la coop\u00e9ration existant entre la Mauritanie et le Bureau international du Travail et les moyens de les d\u00e9velopper davantage, notamment dans les domaines des affaires sociales, de l&#8217;enfance et de la famille et des soins de sant\u00e9 pour les personnes handicap\u00e9es.<\/p>\n<p>Les deux parties ont \u00e9galement discut\u00e9 des moyens et m\u00e9canismes de mise en \u0153uvre d&#8217;un programme mod\u00e8le d&#8217;assurance maladie pour 300 personnes handicap\u00e9es dans la wilaya du Guidimagha.<\/p>\n<p>La r\u00e9union s\u2019est d\u00e9roul\u00e9e en pr\u00e9sence du secr\u00e9taire g\u00e9n\u00e9ral du Minist\u00e8re, M. Mohamed Mahmoud Ould Sidi Yahya, du directeur des personnes handicap\u00e9es, M. Alioune Haidara Ould Ishaq, et du directeur des \u00e9tudes, de la coop\u00e9ration et du suivi, M. Saleck Ould Jeireb au sein du m\u00eame minist\u00e8re.<\/p>\n","protected":false},"excerpt":{"rendered":"<p>La Ministre des Affaires sociales, de l\u2019Enfance et de la Famille, Mme Naha Mint Haroun Ould Cheikh Sidiya, a re\u00e7u aujourd\u2019hui vendredi \u00e0 Nouakchott une d\u00e9l\u00e9gation du Bureau international du Travail, dirig\u00e9e par M<\/p>\n","protected":false},"author":1,"featured_media":180899,"comment_status":"closed","ping_status":"closed","sticky":false,"template":"","format":"standard","meta":{"footnotes":""},"categories":[],"tags":[63990,62476,62753],"class_list":["post-85051","post","type-post","status-publish","format-standard","has-post-thumbnail","hentry","tag-activites-gouvernementales","tag-nouakchott","tag-rabani"],"_links":{"self":[{"href":"https:\/\/ami.mr\/fr\/wp-json\/wp\/v2\/posts\/85051","targetHints":{"allow":["GET"]}}],"collection":[{"href":"https:\/\/ami.mr\/fr\/wp-json\/wp\/v2\/posts"}],"about":[{"href":"https:\/\/ami.mr\/fr\/wp-json\/wp\/v2\/types\/post"}],"author":[{"embeddable":true,"href":"https:\/\/ami.mr\/fr\/wp-json\/wp\/v2\/users\/1"}],"replies":[{"embeddable":true,"href":"https:\/\/ami.mr\/fr\/wp-json\/wp\/v2\/comments?post=85051"}],"version-history":[{"count":1,"href":"https:\/\/ami.mr\/fr\/wp-json\/wp\/v2\/posts\/85051\/revisions"}],"predecessor-version":[{"id":180898,"href":"https:\/\/ami.mr\/fr\/wp-json\/wp\/v2\/posts\/85051\/revisions\/180898"}],"wp:featuredmedia":[{"embeddable":true,"href":"https:\/\/ami.mr\/fr\/wp-json\/wp\/v2\/media\/180899"}],"wp:attachment":[{"href":"https:\/\/ami.mr\/fr\/wp-json\/wp\/v2\/media?parent=85051"}],"wp:term":[{"taxonomy":"category","embeddable":true,"href":"https:\/\/ami.mr\/fr\/wp-json\/wp\/v2\/categories?post=85051"},{"taxonomy":"post_tag","embeddable":true,"href":"https:\/\/ami.mr\/fr\/wp-json\/wp\/v2\/tags?post=85051"}],"curies":[{"name":"wp","href":"https:\/\/api.w.org\/{rel}","templated":true}]}}