{"id":83092,"date":"2020-04-22T20:31:56","date_gmt":"2020-04-22T20:31:56","guid":{"rendered":"http:\/\/192.168.64.2\/fr\/index.php\/2020\/04\/22\/inauguration-de-la-mosquee-de-la-radio-coranique\/"},"modified":"2022-07-05T01:51:28","modified_gmt":"2022-07-05T01:51:28","slug":"inauguration-de-la-mosquee-de-la-radio-coranique","status":"publish","type":"post","link":"https:\/\/ami.mr\/fr\/archives\/83092","title":{"rendered":"Inauguration de la mosqu\u00e9e de la radio coranique"},"content":{"rendered":"<p>Une mosqu\u00e9e d\u00e9pendant de radio coranique, relevant  de Radio de la Mauritanie (RM), a \u00e9t\u00e9 officiellement inaugur\u00e9e, mercredi, lors d\u2019une c\u00e9r\u00e9monie pr\u00e9sid\u00e9e par le ministre des Affaires islamiques et de l\u2019Enseignement originel, M. Dah Ould Sidi Ould Amar Taleb.<\/p>\n<p>Cette inauguration s\u2019inscrit dans le cadre des activit\u00e9s de revitalisation du mois b\u00e9ni de Ramadan, organis\u00e9es annuellement par la RM.<\/p>\n<p>A cette occasion, le ministre a soulign\u00e9 l\u2019int\u00e9r\u00eat qu\u2019accorde le Pr\u00e9sident de la R\u00e9publique, M. Mohamed Ould Cheikh El Ghazouani, \u00e0 la p\u00e9rennisation et la revitalisation de la Sunna du proph\u00e8te Mohamed, paix et salut sur lui, par tous les moyens.<\/p>\n<p>Il a ajout\u00e9 que son d\u00e9partement a \u00e9labor\u00e9 un programme de partenariat avec  les organes de presse \u00e9tatiques et priv\u00e9s dans le but d\u2019instruire les auditeurs traditionnels de Mauritanie qui sont transf\u00e9r\u00e9s actuellement vers la radio coranique.<\/p>\n<p>Pour sa part, le Directeur g\u00e9n\u00e9ral de Radio  de Mauritanie, M. Mohamed Cheikh Ould Sidi Mohamed, a pr\u00e9cis\u00e9 que la mosqu\u00e9e, d\u2019une capacit\u00e9 de 300 places, sera consacr\u00e9e, cette ann\u00e9e, \u00e0 la transmission de la pri\u00e8re subrogative de Ramadan (tarawih), aux le\u00e7ons habituelles de pr\u00eache et au  grand concours de r\u00e9citation du Saint Coran,  \u00e0 la place de la grande mosqu\u00e9e de Nouakchott.<\/p>\n","protected":false},"excerpt":{"rendered":"<p>Une mosqu\u00e9e d\u00e9pendant de radio coranique, relevant  de Radio de la Mauritanie (RM), a \u00e9t\u00e9 officiellement inaugur\u00e9e, mercredi, lors d\u2019une c\u00e9r\u00e9monie pr\u00e9sid\u00e9e par le ministre des Affaires islamiques et de l\u2019Enseignement originel, M<\/p>\n","protected":false},"author":1,"featured_media":177941,"comment_status":"closed","ping_status":"closed","sticky":false,"template":"","format":"standard","meta":{"footnotes":""},"categories":[],"tags":[63990,63658,62476],"class_list":["post-83092","post","type-post","status-publish","format-standard","has-post-thumbnail","hentry","tag-activites-gouvernementales","tag-ahmeds","tag-nouakchott"],"_links":{"self":[{"href":"https:\/\/ami.mr\/fr\/wp-json\/wp\/v2\/posts\/83092","targetHints":{"allow":["GET"]}}],"collection":[{"href":"https:\/\/ami.mr\/fr\/wp-json\/wp\/v2\/posts"}],"about":[{"href":"https:\/\/ami.mr\/fr\/wp-json\/wp\/v2\/types\/post"}],"author":[{"embeddable":true,"href":"https:\/\/ami.mr\/fr\/wp-json\/wp\/v2\/users\/1"}],"replies":[{"embeddable":true,"href":"https:\/\/ami.mr\/fr\/wp-json\/wp\/v2\/comments?post=83092"}],"version-history":[{"count":1,"href":"https:\/\/ami.mr\/fr\/wp-json\/wp\/v2\/posts\/83092\/revisions"}],"predecessor-version":[{"id":177940,"href":"https:\/\/ami.mr\/fr\/wp-json\/wp\/v2\/posts\/83092\/revisions\/177940"}],"wp:featuredmedia":[{"embeddable":true,"href":"https:\/\/ami.mr\/fr\/wp-json\/wp\/v2\/media\/177941"}],"wp:attachment":[{"href":"https:\/\/ami.mr\/fr\/wp-json\/wp\/v2\/media?parent=83092"}],"wp:term":[{"taxonomy":"category","embeddable":true,"href":"https:\/\/ami.mr\/fr\/wp-json\/wp\/v2\/categories?post=83092"},{"taxonomy":"post_tag","embeddable":true,"href":"https:\/\/ami.mr\/fr\/wp-json\/wp\/v2\/tags?post=83092"}],"curies":[{"name":"wp","href":"https:\/\/api.w.org\/{rel}","templated":true}]}}