{"id":82606,"date":"2020-03-26T13:06:30","date_gmt":"2020-03-26T13:06:30","guid":{"rendered":"http:\/\/192.168.64.2\/fr\/index.php\/2020\/03\/26\/la-commune-de-tevragh-zeina-distribue-des-quantites-de-produits-alimentaires-et-de-desinfection\/"},"modified":"2022-07-05T01:38:34","modified_gmt":"2022-07-05T01:38:34","slug":"la-commune-de-tevragh-zeina-distribue-des-quantites-de-produits-alimentaires-et-de-desinfection","status":"publish","type":"post","link":"https:\/\/ami.mr\/fr\/archives\/82606","title":{"rendered":"La commune de Tevragh Zeina distribue des quantit\u00e9s de produits alimentaires et de d\u00e9sinfection"},"content":{"rendered":"<p>La commune de Tevragh Zeina a lanc\u00e9, jeudi matin, une campagne de sensibilisation pour limiter la propagation du coronavirus, sous la supervision du maire, M. Taleb Ould Mahjoub.<\/p>\n<p>La campagne a \u00e9t\u00e9 aussi l&#8217;occasion pour la distribution de produits alimentaires et de d\u00e9sinfection sur les familles \u00e0 revenus limit\u00e9s.<\/p>\n<p>Cette campagne vise en outre \u00e0 d\u00e9sinfecter les mosqu\u00e9es de la moughataa, un certain nombre de services r\u00e9gionaux et des lieux de confinement des personnes suspect\u00e9es. Elle a aussi pour but de distribuer des auto-collants indiquant les voies de pr\u00e9vention contre la propagation de la pand\u00e9mie.<\/p>\n<p>Dans un mot prononc\u00e9 pour la circonstance, le maire de la commune a indiqu\u00e9 que la distribution de ces produits s&#8217;inscrit dans le cadre d&#8217;un plan mis en place par la commune pour limiter la propagation du coronavirus.<\/p>\n<p>Il a appel\u00e9 les populations de la commune \u00e0 respecter strictement les instructions du minist\u00e8re de la sant\u00e9 et l&#8217;ensemble des mesures prises par le gouvernement dans ce sens.<\/p>\n","protected":false},"excerpt":{"rendered":"<p>La commune de Tevragh Zeina a lanc\u00e9, jeudi matin, une campagne de sensibilisation pour limiter la propagation du coronavirus, sous la supervision du maire, M. Taleb Ould Mahjoub.<\/p>\n<p>La campagne a \u00e9t\u00e9 aussi l&#8217;occasion pour la distribution de produits alim<\/p>\n","protected":false},"author":1,"featured_media":177455,"comment_status":"closed","ping_status":"closed","sticky":false,"template":"","format":"standard","meta":{"footnotes":""},"categories":[],"tags":[62476,62753,63995,63478],"class_list":["post-82606","post","type-post","status-publish","format-standard","has-post-thumbnail","hentry","tag-nouakchott","tag-rabani","tag-sante","tag-syde"],"_links":{"self":[{"href":"https:\/\/ami.mr\/fr\/wp-json\/wp\/v2\/posts\/82606","targetHints":{"allow":["GET"]}}],"collection":[{"href":"https:\/\/ami.mr\/fr\/wp-json\/wp\/v2\/posts"}],"about":[{"href":"https:\/\/ami.mr\/fr\/wp-json\/wp\/v2\/types\/post"}],"author":[{"embeddable":true,"href":"https:\/\/ami.mr\/fr\/wp-json\/wp\/v2\/users\/1"}],"replies":[{"embeddable":true,"href":"https:\/\/ami.mr\/fr\/wp-json\/wp\/v2\/comments?post=82606"}],"version-history":[{"count":1,"href":"https:\/\/ami.mr\/fr\/wp-json\/wp\/v2\/posts\/82606\/revisions"}],"predecessor-version":[{"id":177454,"href":"https:\/\/ami.mr\/fr\/wp-json\/wp\/v2\/posts\/82606\/revisions\/177454"}],"wp:featuredmedia":[{"embeddable":true,"href":"https:\/\/ami.mr\/fr\/wp-json\/wp\/v2\/media\/177455"}],"wp:attachment":[{"href":"https:\/\/ami.mr\/fr\/wp-json\/wp\/v2\/media?parent=82606"}],"wp:term":[{"taxonomy":"category","embeddable":true,"href":"https:\/\/ami.mr\/fr\/wp-json\/wp\/v2\/categories?post=82606"},{"taxonomy":"post_tag","embeddable":true,"href":"https:\/\/ami.mr\/fr\/wp-json\/wp\/v2\/tags?post=82606"}],"curies":[{"name":"wp","href":"https:\/\/api.w.org\/{rel}","templated":true}]}}