{"id":82602,"date":"2020-03-26T11:29:39","date_gmt":"2020-03-26T11:29:39","guid":{"rendered":"http:\/\/192.168.64.2\/fr\/index.php\/2020\/03\/26\/au-conseil-des-ministres-creation-du-fonds-de-solidarite-sociale-et-de-lutte-contre-le-coronavirus\/"},"modified":"2022-07-05T01:38:29","modified_gmt":"2022-07-05T01:38:29","slug":"au-conseil-des-ministres-creation-du-fonds-de-solidarite-sociale-et-de-lutte-contre-le-coronavirus","status":"publish","type":"post","link":"https:\/\/ami.mr\/fr\/archives\/82602","title":{"rendered":"Au conseil des Ministres: Cr\u00e9ation du Fonds de Solidarit\u00e9 Sociale et de Lutte contre le coronavirus&#8217;"},"content":{"rendered":"<p>Le Conseil des Ministres s&#8217;est r\u00e9uni le jeudi 26 Mars 2020 sous la Pr\u00e9sidence de Son Excellence Monsieur Mohamed Ould Cheikh El-Ghazouani, Pr\u00e9sident de la R\u00e9publique.<\/p>\n<p>Le Conseil a examin\u00e9 et approuv\u00e9 un projet de loi relatif \u00e0 la lutte contre la manipulation de l\u2019information.<\/p>\n<p>Le pr\u00e9sent projet de loi a pour but de pr\u00e9ciser les qualifications des infractions dans le domaine de la manipulation de l\u2019information et de revoir \u00e0 la hausse le quantum des peines, tout en facilitant leur mise en \u0153uvre. Celles-ci porteront sur l\u2019incrimination minimale d\u2019un certain nombre d\u2019infractions relatives \u00e0 la manipulation de l\u2019information, eu \u00e9gard \u00e0 leur d\u00e9veloppement et \u00e0 leur gravit\u00e9.<\/p>\n<p>Le Conseil a \u00e9galement examin\u00e9 et adopt\u00e9 les projets de d\u00e9crets suivants :<\/p>\n<p>&#8211; Projet de d\u00e9cret d\u2019avance relatif \u00e0 l\u2019ouverture de cr\u00e9dits budg\u00e9taires au titre du Budget de l\u2019Etat pour l\u2019ann\u00e9e 2020 destin\u00e9s \u00e0 la lutte contre le coronavirus.<\/p>\n<p>Le pr\u00e9sent projet de d\u00e9cret consacre une enveloppe de 2.5 milliards d&#8217;ouguiya (25 milliards d&#8217;anciennes ouguiyas) \u00e0 la lutte contre la pand\u00e9mie du coronavirus et l&#8217;att\u00e9nuation de ses cons\u00e9quences n\u00e9fastes sur l&#8217;activit\u00e9 \u00e9conomique et sur le pouvoir d&#8217;achat des populations.<\/p>\n<p>&#8211; Projet de d\u00e9cret portant cr\u00e9ation d\u2019un fonds de concours d\u00e9nomm\u00e9 &#8216; Fonds de Solidarit\u00e9 Sociale et de Lutte contre le coronavirus&#8217;.<\/p>\n<p>Le fonds de concours objet du pr\u00e9sent projet de d\u00e9cret rentre dans le cadre des mesures prises par le Gouvernement pour faire face \u00e0 la pand\u00e9mie du coronavirus et \u00e0 ses cons\u00e9quences sur le plan sanitaire, \u00e9conomique et social. Il est destin\u00e9 \u00e0 recevoir les contributions mobilis\u00e9es par l&#8217;Etat, les entit\u00e9s publiques et priv\u00e9es ainsi que les particuliers.<\/p>\n<p>-Projet de d\u00e9cret accordant certaines attributions au Comit\u00e9 Interminist\u00e9riel charg\u00e9 de la gestion et du suivi de la lutte contre la pand\u00e9mie Covid19.<\/p>\n<p>Le Ministre de la Justice a pr\u00e9sent\u00e9 une communication relative au plan d\u2019action national de lutte contre la traite des personnes.<\/p>\n<p>Le plan d\u2019action national de lutte contre la traite des personnes vise essentiellement \u00e0 doter le Gouvernement d\u2019un instrument de planification int\u00e9gr\u00e9e permettant \u00e0 notre pays de lutter efficacement et durablement contre ce fl\u00e9au, r\u00e9primer les auteurs des infractions, identifier, prot\u00e9ger et assister les victimes et les t\u00e9moins.<\/p>\n<p>Le Ministre des Affaires \u00c9trang\u00e8res, de la Coop\u00e9ration et des Mauritaniens de l\u2019Ext\u00e9rieur a pr\u00e9sent\u00e9 une communication relative \u00e0 la situation internationale.<\/p>\n<p>Le Ministre de l\u2019Int\u00e9rieur et de la D\u00e9centralisation a pr\u00e9sent\u00e9 une communication relative \u00e0 la situation int\u00e9rieure.<\/p>\n","protected":false},"excerpt":{"rendered":"<p>Le Conseil des Ministres s&#8217;est r\u00e9uni le jeudi 26 Mars 2020 sous la Pr\u00e9sidence de Son Excellence Monsieur Mohamed Ould Cheikh El-Ghazouani, Pr\u00e9sident de la R\u00e9publique.<\/p>\n<p>Le Conseil a examin\u00e9 et approuv\u00e9 un projet de loi relatif \u00e0 la lutte contre la manipu<\/p>\n","protected":false},"author":1,"featured_media":177451,"comment_status":"closed","ping_status":"closed","sticky":false,"template":"","format":"standard","meta":{"footnotes":""},"categories":[],"tags":[63991,62476,63478],"class_list":["post-82602","post","type-post","status-publish","format-standard","has-post-thumbnail","hentry","tag-activites-presidentielles","tag-nouakchott","tag-syde"],"_links":{"self":[{"href":"https:\/\/ami.mr\/fr\/wp-json\/wp\/v2\/posts\/82602","targetHints":{"allow":["GET"]}}],"collection":[{"href":"https:\/\/ami.mr\/fr\/wp-json\/wp\/v2\/posts"}],"about":[{"href":"https:\/\/ami.mr\/fr\/wp-json\/wp\/v2\/types\/post"}],"author":[{"embeddable":true,"href":"https:\/\/ami.mr\/fr\/wp-json\/wp\/v2\/users\/1"}],"replies":[{"embeddable":true,"href":"https:\/\/ami.mr\/fr\/wp-json\/wp\/v2\/comments?post=82602"}],"version-history":[{"count":1,"href":"https:\/\/ami.mr\/fr\/wp-json\/wp\/v2\/posts\/82602\/revisions"}],"predecessor-version":[{"id":177450,"href":"https:\/\/ami.mr\/fr\/wp-json\/wp\/v2\/posts\/82602\/revisions\/177450"}],"wp:featuredmedia":[{"embeddable":true,"href":"https:\/\/ami.mr\/fr\/wp-json\/wp\/v2\/media\/177451"}],"wp:attachment":[{"href":"https:\/\/ami.mr\/fr\/wp-json\/wp\/v2\/media?parent=82602"}],"wp:term":[{"taxonomy":"category","embeddable":true,"href":"https:\/\/ami.mr\/fr\/wp-json\/wp\/v2\/categories?post=82602"},{"taxonomy":"post_tag","embeddable":true,"href":"https:\/\/ami.mr\/fr\/wp-json\/wp\/v2\/tags?post=82602"}],"curies":[{"name":"wp","href":"https:\/\/api.w.org\/{rel}","templated":true}]}}