{"id":82598,"date":"2020-03-25T22:09:22","date_gmt":"2020-03-25T22:09:22","guid":{"rendered":"http:\/\/192.168.64.2\/fr\/index.php\/2020\/03\/25\/sensibilisation-a-nouadhibou-sur-la-protection-contre-coronavirus\/"},"modified":"2022-07-05T01:38:24","modified_gmt":"2022-07-05T01:38:24","slug":"sensibilisation-a-nouadhibou-sur-la-protection-contre-coronavirus","status":"publish","type":"post","link":"https:\/\/ami.mr\/fr\/archives\/82598","title":{"rendered":"Sensibilisation \u00e0 Nouadhibou sur la protection contre coronavirus"},"content":{"rendered":"<p>La ville de Nouadhibou a abrit\u00e9, mercredi soir, une r\u00e9union de sensibilisation des repr\u00e9sentants des centrales syndicales sur la pr\u00e9vention du coronavirus dans le cadre de la campagne nationale visant \u00e0 emp\u00eacher la propagation du virus.<\/p>\n<p>S\u2019exprimant \u00e0 cette occasion, le hakem de Nouadhibou, a pass\u00e9 en revue les efforts entrepris par les pouvoirs publics, en application des orientations du Pr\u00e9sident de la R\u00e9publique, M. Mohamed Ould Cheikh El Ghazouani, notamment la fermeture des fronti\u00e8res et des a\u00e9roports, l\u2019instauration d\u2019un couvre-feu et le confinement des personnes venues de l\u2019\u00e9tranger.<\/p>\n<p>Au cours de la r\u00e9union, des expos\u00e9s ont \u00e9t\u00e9 pr\u00e9sent\u00e9s par le m\u00e9decin principal, Dr Cheikh Ould El Ghoth et le chef service de la m\u00e9decine du travail, Dr Mohamed Lemine Ould Balla Chrif, sur les mesures prophylactiques sur lesquelles les campagnes de sensibilisation devront axer.<\/p>\n<p>Les repr\u00e9sentants des syndicats se sont d\u00e9clar\u00e9s satisfait des mesures prises par les pouvoirs publics dans le cadre de la lutte contre le propagation du coronavirus, et exprim\u00e9 leur disponibilit\u00e9 \u00e0 redoubler d\u2019effort pour intensifier la campagne de sensibilisation, souhaitant que les conditions et besoins sp\u00e9cifiques des travailleurs soient pris en compte<\/p>\n","protected":false},"excerpt":{"rendered":"<p>La ville de Nouadhibou a abrit\u00e9, mercredi soir, une r\u00e9union de sensibilisation des repr\u00e9sentants des centrales syndicales sur la pr\u00e9vention du coronavirus dans le cadre de la campagne nationale visant \u00e0 emp\u00eacher la propagation du virus<\/p>\n","protected":false},"author":1,"featured_media":0,"comment_status":"closed","ping_status":"closed","sticky":false,"template":"","format":"standard","meta":{"footnotes":""},"categories":[8672],"tags":[63658,63086],"class_list":["post-82598","post","type-post","status-publish","format-standard","hentry","category-8672","tag-ahmeds","tag-noudhibou"],"_links":{"self":[{"href":"https:\/\/ami.mr\/fr\/wp-json\/wp\/v2\/posts\/82598","targetHints":{"allow":["GET"]}}],"collection":[{"href":"https:\/\/ami.mr\/fr\/wp-json\/wp\/v2\/posts"}],"about":[{"href":"https:\/\/ami.mr\/fr\/wp-json\/wp\/v2\/types\/post"}],"author":[{"embeddable":true,"href":"https:\/\/ami.mr\/fr\/wp-json\/wp\/v2\/users\/1"}],"replies":[{"embeddable":true,"href":"https:\/\/ami.mr\/fr\/wp-json\/wp\/v2\/comments?post=82598"}],"version-history":[{"count":1,"href":"https:\/\/ami.mr\/fr\/wp-json\/wp\/v2\/posts\/82598\/revisions"}],"predecessor-version":[{"id":177446,"href":"https:\/\/ami.mr\/fr\/wp-json\/wp\/v2\/posts\/82598\/revisions\/177446"}],"wp:attachment":[{"href":"https:\/\/ami.mr\/fr\/wp-json\/wp\/v2\/media?parent=82598"}],"wp:term":[{"taxonomy":"category","embeddable":true,"href":"https:\/\/ami.mr\/fr\/wp-json\/wp\/v2\/categories?post=82598"},{"taxonomy":"post_tag","embeddable":true,"href":"https:\/\/ami.mr\/fr\/wp-json\/wp\/v2\/tags?post=82598"}],"curies":[{"name":"wp","href":"https:\/\/api.w.org\/{rel}","templated":true}]}}