{"id":82596,"date":"2020-03-25T21:58:29","date_gmt":"2020-03-25T21:58:29","guid":{"rendered":"http:\/\/192.168.64.2\/fr\/index.php\/2020\/03\/25\/le-president-de-la-republique-annonce-la-creation-dun-fonds-de-25-milliards-mro-pour-lutter-contre-le-coronavirus-et-ses-consequences\/"},"modified":"2022-07-05T01:38:21","modified_gmt":"2022-07-05T01:38:21","slug":"le-president-de-la-republique-annonce-la-creation-dun-fonds-de-25-milliards-mro-pour-lutter-contre-le-coronavirus-et-ses-consequences","status":"publish","type":"post","link":"https:\/\/ami.mr\/fr\/archives\/82596","title":{"rendered":"Le Pr\u00e9sident de la R\u00e9publique annonce la cr\u00e9ation d\u2019un fonds de 25 milliards MRO pour lutter contre le coronavirus et ses cons\u00e9quences"},"content":{"rendered":"<p>Le Pr\u00e9sident de la R\u00e9publique, M. Mohamed Ould Cheikh El Ghazouani, a annonc\u00e9, dans une adresse \u00e0 la Nation, ce mercredi \u00e0 Nouakchott, la cr\u00e9ation d\u2019un fonds national de solidarit\u00e9 sociale pour lutter contre le coronavirus et ses cons\u00e9quences. Ce fonds d\u00e9j\u00e0 dot\u00e9 de 25 milliards MRO sur ressources publiques est ouvert aux contributions volontaires.<\/p>\n<p>Le Pr\u00e9sident de la R\u00e9publique a adress\u00e9 ses chaleureuses salutations et ses vifs remerciements \u00e0 tous les citoyens pour avoir fait montre de prise de conscience et de responsabilit\u00e9, avec une mention sp\u00e9ciale au corps m\u00e9dical et aux forces arm\u00e9es et de s\u00e9curit\u00e9 pour les efforts gigantesques qu\u2019ils fournissent afin d&#8217;assurer l\u2019ex\u00e9cution ma\u00eetris\u00e9e et efficace du plan national de lutte contre ce fl\u00e9au.<\/p>\n<p>Il s\u2019est f\u00e9licit\u00e9 de la coordination avec les pays voisins en mati\u00e8re de contr\u00f4le des points de passage frontaliers communs, avant de convier l\u2019ensemble des citoyens et des \u00e9trangers r\u00e9sidant en Mauritanie \u00e0 veiller au respect scrupuleux des mesures pr\u00e9ventives.<\/p>\n<p>Voici le texte int\u00e9gral du discours du Pr\u00e9sident de la R\u00e9publique :<\/p>\n<p>\u00ab Citoyens, citoyennes<\/p>\n<p>Notre pays traverse une p\u00e9riode difficile au cours de laquelle il fait face, \u00e0 l\u2019instar des autres pays du monde, au coronavirus qui constitue d\u00e9sormais, au regard de tous les crit\u00e8res, un fl\u00e9au mondial.<\/p>\n<p>En ces moments de grave menace, appara\u00eet avec force la communaut\u00e9 de destin qui lie un m\u00eame peuple. Le fl\u00e9au frappe sans discrimination et la capacit\u00e9 d\u2019y faire face est \u00e0 la mesure du degr\u00e9 de prise de conscience et de l\u2019aptitude de tous \u00e0 conjuguer les efforts dans une dynamique d\u2019unit\u00e9 nationale et de solidarit\u00e9 sociale.<\/p>\n<p>Les graves cons\u00e9quences que cette pand\u00e9mie a entra\u00een\u00e9es dans des pays d\u00e9velopp\u00e9s, en d\u00e9pit de la performance de leurs syst\u00e8mes de sant\u00e9 et de la qualit\u00e9 de leurs infrastructures sanitaires, notamment en termes de laboratoires modernes et d\u2019h\u00f4pitaux de r\u00e9f\u00e9rence, sont la preuve \u00e9loquente que notre premi\u00e8re bou\u00e9e de sauvetage r\u00e9side dans les actions de nature \u00e0 \u00e9viter la propagation du virus et l\u2019\u00e9largissement de son spectre de contamination.<\/p>\n<p>Conscient de cela, nous avons, d\u00e8s le d\u00e9but, pris une s\u00e9rie de mesures sanitaires et s\u00e9curitaires pr\u00e9ventives en vue de prot\u00e9ger le pays contre l\u2019infiltration du virus et de r\u00e9duire les pratiques qui contribuent \u00e0 sa propagation \u00e0 travers la limitation des rassemblements, l\u2019auto-confinement et la restriction des d\u00e9placements que ne dicte pas une extr\u00eame n\u00e9cessit\u00e9.<\/p>\n<p>Je saisis cette occasion pour adresser mes chaleureuses salutations et mes vifs remerciements \u00e0 tous les citoyens pour avoir fait preuve de prise de conscience et de responsabilit\u00e9 et pour avoir r\u00e9agi positivement \u00e0 l\u2019ensemble des mesures qui ont \u00e9t\u00e9 prises dans ce cadre.<\/p>\n<p>J\u2019adresse \u00e9galement mes salutations et mes remerciements au corps m\u00e9dical et aux forces arm\u00e9es et de s\u00e9curit\u00e9 pour les efforts gigantesques qu\u2019ils fournissent afin d&#8217;assurer l\u2019ex\u00e9cution ma\u00eetris\u00e9e et efficace du plan national de lutte contre ce fl\u00e9au.<\/p>\n<p>C\u2019est aussi le lieu pour moi d\u2019exprimer mes remerciements aux pays fr\u00e8res et voisins pour la fluidit\u00e9 des modalit\u00e9s de coordination dans le contr\u00f4le des points de passage frontaliers communs.<\/p>\n<p>Toutes les mesures prises \u00e0 ces diff\u00e9rents niveaux et celles qui viendraient \u00e0 l&#8217;\u00eatre, en cas de besoin, sont des dispositions indispensables \u00e0 la protection de notre pays contre ce fl\u00e9au.<\/p>\n<p>A ce titre, je voudrais r\u00e9affirmer, \u00e0 tous, que le combat contre la pand\u00e9mie implique une mobilisation g\u00e9n\u00e9rale constante et une action continue pour impulser une synergie de toutes nos forces vives : administration publique, partis politiques, leaders d\u2019opinion, op\u00e9rateurs \u00e9conomiques, structures communautaires et de mani\u00e8re g\u00e9n\u00e9rale, l\u2019ensemble des citoyens.<\/p>\n<p>En cons\u00e9quence, j\u2019invite l\u2019ensemble des citoyens \u00e0 s\u2019impliquer activement dans le combat que nous menons contre la pand\u00e9mie du coronavirus qui constitue une r\u00e9elle menace pour notre peuple et pour notre nation.<\/p>\n<p>La situation exceptionnelle que nous vivons actuellement a ajout\u00e9 une complication suppl\u00e9mentaire \u00e0 notre vie quotidienne et pourrait g\u00e9n\u00e9rer d\u2019autres cons\u00e9quences avec un plus grand impact en fonction de l\u2019\u00e9volution de la situation au niveau int\u00e9rieur et ext\u00e9rieur.<\/p>\n<p>Parmi les cons\u00e9quences \u00e9ventuelles, figurent les perturbations de l\u2019approvisionnement du march\u00e9 national en raison du d\u00e9r\u00e8glement des mouvements commerciaux internationaux ou de la difficult\u00e9 des citoyens \u00e0 g\u00e9n\u00e9rer les moyens suffisants pour garantir leurs divers besoins.<\/p>\n<p>Pour faire face \u00e0 la perturbation \u00e9ventuelle des circuits commerciaux internationaux, nous avons instruit les d\u00e9partements minist\u00e9riels concern\u00e9s aux fins de prendre toutes les dispositions n\u00e9cessaires afin d&#8217;assurer la continuit\u00e9 de l\u2019approvisionnement du pays en produits alimentaires, en m\u00e9dicaments et en hydrocarbures.<\/p>\n<p>S\u2019agissant du renforcement de la capacit\u00e9 des citoyens \u00e0 disposer de moyens leur permettant de r\u00e9pondre \u00e0 leurs besoins divers, il a \u00e9t\u00e9 d\u00e9cid\u00e9 de cr\u00e9er un Fonds sp\u00e9cial de solidarit\u00e9 sociale et de lutte contre le coronavirus, dans le but de mobiliser toutes les ressources disponibles pour les orienter vers les activit\u00e9s sujettes aux cons\u00e9quences \u00e9ventuelles de la situation actuelle sur les citoyens, en particulier en direction de ceux qui sont les plus vuln\u00e9rables ou qui ont de faibles revenus.<\/p>\n<p>Ce fonds sera ouvert \u00e0 tous ceux qui souhaitent contribuer \u00e0 cet effort national, notamment les acteurs \u00e9conomiques nationaux et les partenaires internationaux.<\/p>\n<p>L\u2019Etat a consacr\u00e9 une contribution \u00e0 ce fonds \u00e0 hauteur de 25 milliards MRO destin\u00e9s \u00e0 financer les actions suivantes :<\/p>\n<p>1. L\u2019acquisition de quantit\u00e9s de m\u00e9dicaments, de mat\u00e9riels et d\u2019\u00e9quipement sanitaires qui r\u00e9pondent aux besoins du pays pour faire face \u00e0 la pand\u00e9mie.<\/p>\n<p>2. L\u2019allocation d\u2019un montant de 5 milliards MRO \u00e0 l\u2019appui de 30 mille familles pauvres parmi celles dont les chefs de m\u00e9nage sont des femmes, des personnes du troisi\u00e8me \u00e2ge et des personnes vivant avec un handicap, et dont la majorit\u00e9 r\u00e9side \u00e0 Nouakchott. Ceux-ci recevront une aide financi\u00e8re mensuelle pendant trois mois.<\/p>\n<p>3. La prise en charge par l\u2019Etat, pour le reste de l\u2019ann\u00e9e, de l\u2019ensemble des imp\u00f4ts et taxes douani\u00e8res sur les importations de bl\u00e9, d\u2019huile, de lait en poudre, de l\u00e9gumes et de fruits.<\/p>\n<p>4. La prise en charge par l\u2019Etat, pendant deux mois, des factures d\u2019eau et d\u2019\u00e9lectricit\u00e9 des familles pauvres.<\/p>\n<p>5. La prise en charge par l\u2019Etat, pour le reste de l\u2019ann\u00e9e, des frais de consommation d\u2019eau dans les villages.<\/p>\n<p>6. La prise en charge par l\u2019Etat, pendant deux mois, de toutes les taxes municipales li\u00e9es aux activit\u00e9s des petits m\u00e9tiers.<\/p>\n<p>7. La prise en charge par l\u2019Etat, pour le reste de l\u2019ann\u00e9e, de toutes les taxes appliqu\u00e9es aux chefs de m\u00e9nage qui travaillent dans le secteur de la p\u00eache artisanale.<\/p>\n<p>Il convient de souligner que les ressources allou\u00e9es \u00e0 ce fonds n\u2019impacteront pas les projets sociaux et de d\u00e9veloppement programm\u00e9s cette ann\u00e9e et dont le rythme d\u2019ex\u00e9cution sera acc\u00e9l\u00e9r\u00e9 pour accompagner de fa\u00e7on efficace les exigences de la situation actuelle.<\/p>\n<p>Citoyens, citoyennes,<\/p>\n<p>La gravit\u00e9 du danger qui nous menace et les sacrifices qu\u2019exige la protection de la sant\u00e9 de nos citoyens, me conduisent \u00e0 convier, de nouveau, l\u2019ensemble de nos citoyens et \u00e9trangers r\u00e9sidant dans notre pays \u00e0 veiller au respect scrupuleux des mesures pr\u00e9ventives, \u00e0 rester chez eux pour autant que leur d\u00e9placement n\u2019est pas indispensable, \u00e0 limiter les voyages interurbains aux seules n\u00e9cessit\u00e9s absolues et \u00e0 prendre toutes les mesures de pr\u00e9caution et de vigilance.<\/p>\n<p>Ce faisant, je suis certain que nous saurons, par la volont\u00e9 d\u2019Allah Le Tout Puissant, d\u00e9passer cette \u00e9tape difficile et poursuivre notre marche sur la voie du progr\u00e8s et de la prosp\u00e9rit\u00e9.<\/p>\n<p>Je vous remercie \u00bb<\/p>\n","protected":false},"excerpt":{"rendered":"<p>Le Pr\u00e9sident de la R\u00e9publique, M. Mohamed Ould Cheikh El Ghazouani, a annonc\u00e9, dans une adresse \u00e0 la Nation, ce mercredi \u00e0 Nouakchott, la cr\u00e9ation d\u2019un fonds national de solidarit\u00e9 sociale pour lutter contre le coronavirus et ses cons\u00e9quences<\/p>\n","protected":false},"author":1,"featured_media":177445,"comment_status":"closed","ping_status":"closed","sticky":false,"template":"","format":"standard","meta":{"footnotes":""},"categories":[],"tags":[63991,63658,62476,63478],"class_list":["post-82596","post","type-post","status-publish","format-standard","has-post-thumbnail","hentry","tag-activites-presidentielles","tag-ahmeds","tag-nouakchott","tag-syde"],"_links":{"self":[{"href":"https:\/\/ami.mr\/fr\/wp-json\/wp\/v2\/posts\/82596","targetHints":{"allow":["GET"]}}],"collection":[{"href":"https:\/\/ami.mr\/fr\/wp-json\/wp\/v2\/posts"}],"about":[{"href":"https:\/\/ami.mr\/fr\/wp-json\/wp\/v2\/types\/post"}],"author":[{"embeddable":true,"href":"https:\/\/ami.mr\/fr\/wp-json\/wp\/v2\/users\/1"}],"replies":[{"embeddable":true,"href":"https:\/\/ami.mr\/fr\/wp-json\/wp\/v2\/comments?post=82596"}],"version-history":[{"count":1,"href":"https:\/\/ami.mr\/fr\/wp-json\/wp\/v2\/posts\/82596\/revisions"}],"predecessor-version":[{"id":177444,"href":"https:\/\/ami.mr\/fr\/wp-json\/wp\/v2\/posts\/82596\/revisions\/177444"}],"wp:featuredmedia":[{"embeddable":true,"href":"https:\/\/ami.mr\/fr\/wp-json\/wp\/v2\/media\/177445"}],"wp:attachment":[{"href":"https:\/\/ami.mr\/fr\/wp-json\/wp\/v2\/media?parent=82596"}],"wp:term":[{"taxonomy":"category","embeddable":true,"href":"https:\/\/ami.mr\/fr\/wp-json\/wp\/v2\/categories?post=82596"},{"taxonomy":"post_tag","embeddable":true,"href":"https:\/\/ami.mr\/fr\/wp-json\/wp\/v2\/tags?post=82596"}],"curies":[{"name":"wp","href":"https:\/\/api.w.org\/{rel}","templated":true}]}}